{"id":2791,"date":"2022-11-24T15:26:56","date_gmt":"2022-11-24T14:26:56","guid":{"rendered":"https:\/\/vilarrasa.com\/fil-reciclat-pre-consumer-post-industrial-o-post-consumer\/"},"modified":"2023-06-23T16:35:05","modified_gmt":"2023-06-23T14:35:05","slug":"fil-reciclat-pre-consumer-post-industrial-o-post-consumer","status":"publish","type":"post","link":"https:\/\/vilarrasa.com\/ca\/fil-reciclat-pre-consumer-post-industrial-o-post-consumer\/","title":{"rendered":"Fil reciclat: pre-consumer, post-industrial o post-consumer?"},"content":{"rendered":"\n<h2 class=\"has-neve-link-color-color has-text-color\"><span class=\"has-inline-color has-neve-link-color-color\">Analitza el tipus de fil que necessita el teu producte<\/span><\/h2>\n\n<p class=\"has-neve-text-color-color has-text-color\">La sostenibilitat est\u00e0 considerada com la propera gran revoluci\u00f3 i est\u00e0 alterant la manera de fer negocis. Pel medi ambient i la societat, \u00e9s una cosa molt positiva. Per\u00f2 hi afegeix una gran pressi\u00f3 a tots els equips encarregats de la sostenibilitat.<\/p>\n\n<p class=\"has-neve-text-color-color has-text-color\">Quan una marca decideix emprendre el viatge ecol\u00f2gic, no hi ha marxa enrere. Els clients se senten cada cop m\u00e9s atrets pels valors de la marca i busquen honestedat, autenticitat i transpar\u00e8ncia.<\/p>\n\n<p class=\"has-neve-text-color-color has-text-color\">La sostenibilitat comen\u00e7a pel disseny. La vida mitjana d&#8217;un producte \u00e9s d&#8217;uns dos anys i mig. Si es dissenya un producte atemporal perqu\u00e8 duri, es reutilitzi, es recicli i formi part d&#8217;un sistema de circuit tancat, el cicle de vida del producte pot augmentar enormement. Per tant, l&#8217;impacte mediambiental es pot reduir a trav\u00e9s del disseny.<\/p>\n\n<p class=\"has-neve-text-color-color has-text-color\">A <a href=\"https:\/\/vilarrasa.com\/ca\/respin-by-vilarrasa-fabricacio-fil-reciclat-post-consumer\/\">RESPIN<\/a> avaluem les marques i ensenyem els fonaments dels materials perqu\u00e8 els nostres clients puguin maximitzar les possibilitats de triar el teixit adequat per al prop\u00f2sit del producte. Mostrem all\u00f2 que fan els diferents tipus de materials i el seu impacte mediambiental, aix\u00ed com l&#8217;\u00fas de t\u00e8cniques de disseny per reduir els residus, aportant solucions per ajudar-los a complir aquests objectius.<\/p>\n\n<p class=\"has-neve-text-color-color has-text-color\">Tractem cada projecte de forma individual per assegurar-nos que els nostres clients seleccionin la millor opci\u00f3 segons les seves necessitats, tenint en compte tots els detalls: aplicaci\u00f3 del producte, proc\u00e9s de fabricaci\u00f3, embalatge, condicions de lliurament, etc.<\/p>\n\n<p class=\"has-neve-text-color-color has-text-color\">Estem molt centrats en les innovacions de materials, explorant cont\u00ednuament nous tipus de fibres, cosa que ens permet filar fils reciclats d&#8217;alta qualitat que aporten als nostres clients excel\u00b7lents solucions t\u00e8cniques.<\/p>\n\n<div class=\"wp-block-image\"><figure class=\"aligncenter size-large\"><a href=\"https:\/\/landings.vilarrasa.com\/descarga-las-5-tendencias-que-marcaran-el-sector-textil-en2023-vilarrasa\" target=\"_blank\" rel=\"noopener\"><img loading=\"lazy\" width=\"1024\" height=\"293\" src=\"https:\/\/vilarrasa.com\/wp-content\/uploads\/2023\/02\/ES-5-Tendencias-2023-Vilarrasa-1024x293.png\" alt=\"\" class=\"wp-image-4476\" srcset=\"https:\/\/vilarrasa.com\/wp-content\/uploads\/2023\/02\/ES-5-Tendencias-2023-Vilarrasa-1024x293.png 1024w, https:\/\/vilarrasa.com\/wp-content\/uploads\/2023\/02\/ES-5-Tendencias-2023-Vilarrasa-300x86.png 300w, https:\/\/vilarrasa.com\/wp-content\/uploads\/2023\/02\/ES-5-Tendencias-2023-Vilarrasa-768x219.png 768w, https:\/\/vilarrasa.com\/wp-content\/uploads\/2023\/02\/ES-5-Tendencias-2023-Vilarrasa-1536x439.png 1536w, https:\/\/vilarrasa.com\/wp-content\/uploads\/2023\/02\/ES-5-Tendencias-2023-Vilarrasa-2048x585.png 2048w\" sizes=\"(max-width: 1024px) 100vw, 1024px\" \/><\/a><\/figure><\/div>\n\n<h2 class=\"has-neve-link-color-color has-text-color\"><span class=\"has-inline-color has-neve-link-color-color\">Quins tipus de fils reciclats hi ha?<\/span><\/h2>\n\n<p class=\"has-neve-text-color-color has-text-color\">La principal classificaci\u00f3 dels fils reciclats es fa tenint en compte l&#8217;origen de la mat\u00e8ria primera. A causa d&#8217;aquesta classificaci\u00f3 es parla de Fils reciclats pre-consumer, post-industrials i post-consumer.<\/p>\n\n<h3 class=\"has-neve-text-color-color has-text-color\"><h3>Fils reciclats pre-consumer<\/h3><\/h3>\n\n<p class=\"has-neve-text-color-color has-text-color\">Residus rebutjats abans d&#8217;estar preparats per a l&#8217;\u00fas del consumidor. \u00c9s la reintroducci\u00f3 dels residus de fabricaci\u00f3 de nou al proc\u00e9s de fabricaci\u00f3. El m\u00e9s com\u00fa \u00e9s l&#8217;\u00fas de draps procedents de f\u00e0briques de roba.<\/p>\n\n<h3 class=\"has-neve-text-color-color has-text-color\"><h3>Fils reciclats post-industrials<\/h3><\/h3>\n\n<p class=\"has-neve-text-color-color has-text-color\">La mat\u00e8ria primera procedeix de t\u00e8xtils rebutjats abans del seu \u00fas pel consumidor, la difer\u00e8ncia amb el pre-consumer \u00e9s que els residus es generen en el proc\u00e9s de teixit, a les f\u00e0briques de teixits.<\/p>\n\n<h3 class=\"has-neve-text-color-color has-text-color\"><h3>Fils reciclats post-consumer<\/h3><\/h3>\n\n<p class=\"has-neve-text-color-color has-text-color\">En crear fil reciclat post-consumer ajudem a reduir la quantitat d&#8217;energia, d&#8217;aigua i color utilitzats, ja que, la mat\u00e8ria primera procedeix de peces de roba fabricades, usades pels consumidors o d&#8217;exist\u00e8ncies obsoletes dels minoristes.<\/p>\n\n<h2 class=\"has-neve-link-color-color has-text-color\"><span class=\"has-inline-color has-neve-link-color-color\">La nostra recomanaci\u00f3 en fils reciclats<\/span><\/h2>\n\n<p class=\"has-neve-text-color-color has-text-color\">La recomanaci\u00f3 sobre el millor tipus de fil reciclat s&#8217;ha de basar en les necessitats del client. Escollint el fil reciclat Pre-consumer, Post-industrial o Post-consumer, impactarem positivament en el medi ambient, tots s\u00f3n reciclats i tenen un menor impacte que els fils no reciclats.<\/p>\n\n<p class=\"has-neve-text-color-color has-text-color\">A <a href=\"https:\/\/vilarrasa.com\/ca\/respin-by-vilarrasa-fabricacio-fil-reciclat-post-consumer\/\">RESPIN<\/a> el nostre objectiu m\u00e9s important \u00e9s, com hem argumentat anteriorment, con\u00e8ixer a fons les necessitats del client i assessorar-lo en conseq\u00fc\u00e8ncia. Avaluem els nostres clients considerant una infinitat de possibilitats que es poden convertir en grans solucions per a ells, no nom\u00e9s afegint nous atributs a la pr\u00f2pia fabricaci\u00f3 del producte, sin\u00f3 tamb\u00e9 en el seu cam\u00ed cap a la sostenibilitat.<\/p>\n\n<p class=\"has-neve-text-color-color has-text-color\">Si vols una resposta excel\u00b7lent a les teves necessitats, a RESPIN podem fer el teu vestit a mida!<\/p>\n","protected":false},"excerpt":{"rendered":"<p>Analitza el tipus de fil que necessita el teu producte La sostenibilitat est\u00e0 considerada com la propera gran revoluci\u00f3 i est\u00e0 alterant la manera de fer negocis. Pel medi ambient i la societat, \u00e9s una cosa molt positiva. Per\u00f2 hi afegeix una gran pressi\u00f3 a tots els equips encarregats de la sostenibilitat. Quan una marca&hellip;&nbsp;<a href=\"https:\/\/vilarrasa.com\/ca\/fil-reciclat-pre-consumer-post-industrial-o-post-consumer\/\" class=\"\" rel=\"bookmark\">Read More &raquo;<span class=\"screen-reader-text\">Fil reciclat: pre-consumer, post-industrial o post-consumer?<\/span><\/a><\/p>\n","protected":false},"author":8,"featured_media":2726,"comment_status":"closed","ping_status":"open","sticky":false,"template":"","format":"standard","meta":{"content-type":"","neve_meta_sidebar":"full-width","neve_meta_container":"","neve_meta_enable_content_width":"","neve_meta_content_width":0,"neve_meta_title_alignment":"","neve_meta_author_avatar":"","neve_post_elements_order":"","neve_meta_disable_header":"off","neve_meta_disable_footer":"off","neve_meta_disable_title":"","neve_meta_reading_time":""},"categories":[52,35,57],"tags":[],"yoast_head":"<!-- This site is optimized with the Yoast SEO plugin v18.8 - https:\/\/yoast.com\/wordpress\/plugins\/seo\/ -->\n<title>Fil reciclat: pre-consumer, post-industrial o post-consumer? - Vilarrasa<\/title>\n<meta name=\"description\" content=\"El fil reciclat post-consumer s&#039;obt\u00e9 a partir de residus de productes t\u00e8xtils rebutjats les fibres de cot\u00f3 dels quals es...\" \/>\n<meta name=\"robots\" content=\"index, follow, max-snippet:-1, max-image-preview:large, max-video-preview:-1\" \/>\n<link rel=\"canonical\" href=\"https:\/\/vilarrasa.com\/ca\/fil-reciclat-pre-consumer-post-industrial-o-post-consumer\/\" \/>\n<meta property=\"og:locale\" content=\"ca_ES\" \/>\n<meta property=\"og:type\" content=\"article\" \/>\n<meta property=\"og:title\" content=\"Fil reciclat: pre-consumer, post-industrial o post-consumer? - Vilarrasa\" \/>\n<meta property=\"og:description\" content=\"El fil reciclat post-consumer s&#039;obt\u00e9 a partir de residus de productes t\u00e8xtils rebutjats les fibres de cot\u00f3 dels quals es...\" \/>\n<meta property=\"og:url\" content=\"https:\/\/vilarrasa.com\/ca\/fil-reciclat-pre-consumer-post-industrial-o-post-consumer\/\" \/>\n<meta property=\"og:site_name\" content=\"Vilarrasa\" \/>\n<meta property=\"article:published_time\" content=\"2022-11-24T14:26:56+00:00\" \/>\n<meta property=\"article:modified_time\" content=\"2023-06-23T14:35:05+00:00\" \/>\n<meta property=\"og:image\" content=\"https:\/\/vilarrasa.com\/wp-content\/uploads\/2022\/12\/pre-consumer_post-industrial_post-consumer.jpg\" \/>\n\t<meta property=\"og:image:width\" content=\"930\" \/>\n\t<meta property=\"og:image:height\" content=\"600\" \/>\n\t<meta property=\"og:image:type\" content=\"image\/jpeg\" \/>\n<meta name=\"twitter:card\" content=\"summary_large_image\" \/>\n<meta name=\"twitter:label1\" content=\"Escrit per\" \/>\n\t<meta name=\"twitter:data1\" content=\"mkting04\" \/>\n\t<meta name=\"twitter:label2\" content=\"Temps estimat de lectura\" \/>\n\t<meta name=\"twitter:data2\" content=\"3 minuts\" \/>\n<script type=\"application\/ld+json\" class=\"yoast-schema-graph\">{\"@context\":\"https:\/\/schema.org\",\"@graph\":[{\"@type\":\"Organization\",\"@id\":\"https:\/\/vilarrasa.com\/#organization\",\"name\":\"S.Vilarrasa\",\"url\":\"https:\/\/vilarrasa.com\/\",\"sameAs\":[],\"logo\":{\"@type\":\"ImageObject\",\"inLanguage\":\"ca\",\"@id\":\"https:\/\/vilarrasa.com\/#\/schema\/logo\/image\/\",\"url\":\"https:\/\/vilarrasa.com\/wp-content\/uploads\/2020\/06\/logo_vilarr.png\",\"contentUrl\":\"https:\/\/vilarrasa.com\/wp-content\/uploads\/2020\/06\/logo_vilarr.png\",\"width\":885,\"height\":206,\"caption\":\"S.Vilarrasa\"},\"image\":{\"@id\":\"https:\/\/vilarrasa.com\/#\/schema\/logo\/image\/\"}},{\"@type\":\"WebSite\",\"@id\":\"https:\/\/vilarrasa.com\/#website\",\"url\":\"https:\/\/vilarrasa.com\/\",\"name\":\"Vilarrasa\",\"description\":\"Hilos reciclados de alta calidad\",\"publisher\":{\"@id\":\"https:\/\/vilarrasa.com\/#organization\"},\"potentialAction\":[{\"@type\":\"SearchAction\",\"target\":{\"@type\":\"EntryPoint\",\"urlTemplate\":\"https:\/\/vilarrasa.com\/?s={search_term_string}\"},\"query-input\":\"required name=search_term_string\"}],\"inLanguage\":\"ca\"},{\"@type\":\"ImageObject\",\"inLanguage\":\"ca\",\"@id\":\"https:\/\/vilarrasa.com\/ca\/fil-reciclat-pre-consumer-post-industrial-o-post-consumer\/#primaryimage\",\"url\":\"https:\/\/vilarrasa.com\/wp-content\/uploads\/2022\/12\/pre-consumer_post-industrial_post-consumer.jpg\",\"contentUrl\":\"https:\/\/vilarrasa.com\/wp-content\/uploads\/2022\/12\/pre-consumer_post-industrial_post-consumer.jpg\",\"width\":930,\"height\":600,\"caption\":\"Hilo recilado\"},{\"@type\":[\"WebPage\",\"ItemPage\"],\"@id\":\"https:\/\/vilarrasa.com\/ca\/fil-reciclat-pre-consumer-post-industrial-o-post-consumer\/#webpage\",\"url\":\"https:\/\/vilarrasa.com\/ca\/fil-reciclat-pre-consumer-post-industrial-o-post-consumer\/\",\"name\":\"Fil reciclat: pre-consumer, post-industrial o post-consumer? - Vilarrasa\",\"isPartOf\":{\"@id\":\"https:\/\/vilarrasa.com\/#website\"},\"primaryImageOfPage\":{\"@id\":\"https:\/\/vilarrasa.com\/ca\/fil-reciclat-pre-consumer-post-industrial-o-post-consumer\/#primaryimage\"},\"datePublished\":\"2022-11-24T14:26:56+00:00\",\"dateModified\":\"2023-06-23T14:35:05+00:00\",\"description\":\"El fil reciclat post-consumer s'obt\u00e9 a partir de residus de productes t\u00e8xtils rebutjats les fibres de cot\u00f3 dels quals es...\",\"breadcrumb\":{\"@id\":\"https:\/\/vilarrasa.com\/ca\/fil-reciclat-pre-consumer-post-industrial-o-post-consumer\/#breadcrumb\"},\"inLanguage\":\"ca\",\"potentialAction\":[{\"@type\":\"ReadAction\",\"target\":[\"https:\/\/vilarrasa.com\/ca\/fil-reciclat-pre-consumer-post-industrial-o-post-consumer\/\"]}]},{\"@type\":\"BreadcrumbList\",\"@id\":\"https:\/\/vilarrasa.com\/ca\/fil-reciclat-pre-consumer-post-industrial-o-post-consumer\/#breadcrumb\",\"itemListElement\":[{\"@type\":\"ListItem\",\"position\":1,\"name\":\"Home\",\"item\":\"https:\/\/vilarrasa.com\/\"},{\"@type\":\"ListItem\",\"position\":2,\"name\":\"Fil reciclat: pre-consumer, post-industrial o post-consumer?\"}]},{\"@type\":[\"Article\",\"BlogPosting\"],\"@id\":\"https:\/\/vilarrasa.com\/ca\/fil-reciclat-pre-consumer-post-industrial-o-post-consumer\/#article\",\"isPartOf\":{\"@id\":\"https:\/\/vilarrasa.com\/ca\/fil-reciclat-pre-consumer-post-industrial-o-post-consumer\/#webpage\"},\"author\":{\"@id\":\"https:\/\/vilarrasa.com\/#\/schema\/person\/dbb2c0e50b86501b7b1661c9eabbbade\"},\"headline\":\"Fil reciclat: pre-consumer, post-industrial o post-consumer?\",\"datePublished\":\"2022-11-24T14:26:56+00:00\",\"dateModified\":\"2023-06-23T14:35:05+00:00\",\"mainEntityOfPage\":{\"@id\":\"https:\/\/vilarrasa.com\/ca\/fil-reciclat-pre-consumer-post-industrial-o-post-consumer\/#webpage\"},\"wordCount\":587,\"publisher\":{\"@id\":\"https:\/\/vilarrasa.com\/#organization\"},\"image\":{\"@id\":\"https:\/\/vilarrasa.com\/ca\/fil-reciclat-pre-consumer-post-industrial-o-post-consumer\/#primaryimage\"},\"thumbnailUrl\":\"https:\/\/vilarrasa.com\/wp-content\/uploads\/2022\/12\/pre-consumer_post-industrial_post-consumer.jpg\",\"articleSection\":[\"Fil reciclat\",\"Post-consumer\",\"pre-consumer\"],\"inLanguage\":\"ca\"},{\"@type\":\"Person\",\"@id\":\"https:\/\/vilarrasa.com\/#\/schema\/person\/dbb2c0e50b86501b7b1661c9eabbbade\",\"name\":\"mkting04\",\"image\":{\"@type\":\"ImageObject\",\"inLanguage\":\"ca\",\"@id\":\"https:\/\/vilarrasa.com\/#\/schema\/person\/image\/\",\"url\":\"https:\/\/secure.gravatar.com\/avatar\/4a2f9f47483c84967d982cc323aede7a?s=96&d=mm&r=g\",\"contentUrl\":\"https:\/\/secure.gravatar.com\/avatar\/4a2f9f47483c84967d982cc323aede7a?s=96&d=mm&r=g\",\"caption\":\"mkting04\"}}]}<\/script>\n<!-- \/ Yoast SEO plugin. -->","yoast_head_json":{"title":"Fil reciclat: pre-consumer, post-industrial o post-consumer? - Vilarrasa","description":"El fil reciclat post-consumer s'obt\u00e9 a partir de residus de productes t\u00e8xtils rebutjats les fibres de cot\u00f3 dels quals es...","robots":{"index":"index","follow":"follow","max-snippet":"max-snippet:-1","max-image-preview":"max-image-preview:large","max-video-preview":"max-video-preview:-1"},"canonical":"https:\/\/vilarrasa.com\/ca\/fil-reciclat-pre-consumer-post-industrial-o-post-consumer\/","og_locale":"ca_ES","og_type":"article","og_title":"Fil reciclat: pre-consumer, post-industrial o post-consumer? - Vilarrasa","og_description":"El fil reciclat post-consumer s'obt\u00e9 a partir de residus de productes t\u00e8xtils rebutjats les fibres de cot\u00f3 dels quals es...","og_url":"https:\/\/vilarrasa.com\/ca\/fil-reciclat-pre-consumer-post-industrial-o-post-consumer\/","og_site_name":"Vilarrasa","article_published_time":"2022-11-24T14:26:56+00:00","article_modified_time":"2023-06-23T14:35:05+00:00","og_image":[{"width":930,"height":600,"url":"https:\/\/vilarrasa.com\/wp-content\/uploads\/2022\/12\/pre-consumer_post-industrial_post-consumer.jpg","type":"image\/jpeg"}],"twitter_card":"summary_large_image","twitter_misc":{"Escrit per":"mkting04","Temps estimat de lectura":"3 minuts"},"schema":{"@context":"https:\/\/schema.org","@graph":[{"@type":"Organization","@id":"https:\/\/vilarrasa.com\/#organization","name":"S.Vilarrasa","url":"https:\/\/vilarrasa.com\/","sameAs":[],"logo":{"@type":"ImageObject","inLanguage":"ca","@id":"https:\/\/vilarrasa.com\/#\/schema\/logo\/image\/","url":"https:\/\/vilarrasa.com\/wp-content\/uploads\/2020\/06\/logo_vilarr.png","contentUrl":"https:\/\/vilarrasa.com\/wp-content\/uploads\/2020\/06\/logo_vilarr.png","width":885,"height":206,"caption":"S.Vilarrasa"},"image":{"@id":"https:\/\/vilarrasa.com\/#\/schema\/logo\/image\/"}},{"@type":"WebSite","@id":"https:\/\/vilarrasa.com\/#website","url":"https:\/\/vilarrasa.com\/","name":"Vilarrasa","description":"Hilos reciclados de alta calidad","publisher":{"@id":"https:\/\/vilarrasa.com\/#organization"},"potentialAction":[{"@type":"SearchAction","target":{"@type":"EntryPoint","urlTemplate":"https:\/\/vilarrasa.com\/?s={search_term_string}"},"query-input":"required name=search_term_string"}],"inLanguage":"ca"},{"@type":"ImageObject","inLanguage":"ca","@id":"https:\/\/vilarrasa.com\/ca\/fil-reciclat-pre-consumer-post-industrial-o-post-consumer\/#primaryimage","url":"https:\/\/vilarrasa.com\/wp-content\/uploads\/2022\/12\/pre-consumer_post-industrial_post-consumer.jpg","contentUrl":"https:\/\/vilarrasa.com\/wp-content\/uploads\/2022\/12\/pre-consumer_post-industrial_post-consumer.jpg","width":930,"height":600,"caption":"Hilo recilado"},{"@type":["WebPage","ItemPage"],"@id":"https:\/\/vilarrasa.com\/ca\/fil-reciclat-pre-consumer-post-industrial-o-post-consumer\/#webpage","url":"https:\/\/vilarrasa.com\/ca\/fil-reciclat-pre-consumer-post-industrial-o-post-consumer\/","name":"Fil reciclat: pre-consumer, post-industrial o post-consumer? - Vilarrasa","isPartOf":{"@id":"https:\/\/vilarrasa.com\/#website"},"primaryImageOfPage":{"@id":"https:\/\/vilarrasa.com\/ca\/fil-reciclat-pre-consumer-post-industrial-o-post-consumer\/#primaryimage"},"datePublished":"2022-11-24T14:26:56+00:00","dateModified":"2023-06-23T14:35:05+00:00","description":"El fil reciclat post-consumer s'obt\u00e9 a partir de residus de productes t\u00e8xtils rebutjats les fibres de cot\u00f3 dels quals es...","breadcrumb":{"@id":"https:\/\/vilarrasa.com\/ca\/fil-reciclat-pre-consumer-post-industrial-o-post-consumer\/#breadcrumb"},"inLanguage":"ca","potentialAction":[{"@type":"ReadAction","target":["https:\/\/vilarrasa.com\/ca\/fil-reciclat-pre-consumer-post-industrial-o-post-consumer\/"]}]},{"@type":"BreadcrumbList","@id":"https:\/\/vilarrasa.com\/ca\/fil-reciclat-pre-consumer-post-industrial-o-post-consumer\/#breadcrumb","itemListElement":[{"@type":"ListItem","position":1,"name":"Home","item":"https:\/\/vilarrasa.com\/"},{"@type":"ListItem","position":2,"name":"Fil reciclat: pre-consumer, post-industrial o post-consumer?"}]},{"@type":["Article","BlogPosting"],"@id":"https:\/\/vilarrasa.com\/ca\/fil-reciclat-pre-consumer-post-industrial-o-post-consumer\/#article","isPartOf":{"@id":"https:\/\/vilarrasa.com\/ca\/fil-reciclat-pre-consumer-post-industrial-o-post-consumer\/#webpage"},"author":{"@id":"https:\/\/vilarrasa.com\/#\/schema\/person\/dbb2c0e50b86501b7b1661c9eabbbade"},"headline":"Fil reciclat: pre-consumer, post-industrial o post-consumer?","datePublished":"2022-11-24T14:26:56+00:00","dateModified":"2023-06-23T14:35:05+00:00","mainEntityOfPage":{"@id":"https:\/\/vilarrasa.com\/ca\/fil-reciclat-pre-consumer-post-industrial-o-post-consumer\/#webpage"},"wordCount":587,"publisher":{"@id":"https:\/\/vilarrasa.com\/#organization"},"image":{"@id":"https:\/\/vilarrasa.com\/ca\/fil-reciclat-pre-consumer-post-industrial-o-post-consumer\/#primaryimage"},"thumbnailUrl":"https:\/\/vilarrasa.com\/wp-content\/uploads\/2022\/12\/pre-consumer_post-industrial_post-consumer.jpg","articleSection":["Fil reciclat","Post-consumer","pre-consumer"],"inLanguage":"ca"},{"@type":"Person","@id":"https:\/\/vilarrasa.com\/#\/schema\/person\/dbb2c0e50b86501b7b1661c9eabbbade","name":"mkting04","image":{"@type":"ImageObject","inLanguage":"ca","@id":"https:\/\/vilarrasa.com\/#\/schema\/person\/image\/","url":"https:\/\/secure.gravatar.com\/avatar\/4a2f9f47483c84967d982cc323aede7a?s=96&d=mm&r=g","contentUrl":"https:\/\/secure.gravatar.com\/avatar\/4a2f9f47483c84967d982cc323aede7a?s=96&d=mm&r=g","caption":"mkting04"}}]}},"_links":{"self":[{"href":"https:\/\/vilarrasa.com\/ca\/wp-json\/wp\/v2\/posts\/2791"}],"collection":[{"href":"https:\/\/vilarrasa.com\/ca\/wp-json\/wp\/v2\/posts"}],"about":[{"href":"https:\/\/vilarrasa.com\/ca\/wp-json\/wp\/v2\/types\/post"}],"author":[{"embeddable":true,"href":"https:\/\/vilarrasa.com\/ca\/wp-json\/wp\/v2\/users\/8"}],"replies":[{"embeddable":true,"href":"https:\/\/vilarrasa.com\/ca\/wp-json\/wp\/v2\/comments?post=2791"}],"version-history":[{"count":3,"href":"https:\/\/vilarrasa.com\/ca\/wp-json\/wp\/v2\/posts\/2791\/revisions"}],"predecessor-version":[{"id":6376,"href":"https:\/\/vilarrasa.com\/ca\/wp-json\/wp\/v2\/posts\/2791\/revisions\/6376"}],"wp:featuredmedia":[{"embeddable":true,"href":"https:\/\/vilarrasa.com\/ca\/wp-json\/wp\/v2\/media\/2726"}],"wp:attachment":[{"href":"https:\/\/vilarrasa.com\/ca\/wp-json\/wp\/v2\/media?parent=2791"}],"wp:term":[{"taxonomy":"category","embeddable":true,"href":"https:\/\/vilarrasa.com\/ca\/wp-json\/wp\/v2\/categories?post=2791"},{"taxonomy":"post_tag","embeddable":true,"href":"https:\/\/vilarrasa.com\/ca\/wp-json\/wp\/v2\/tags?post=2791"}],"curies":[{"name":"wp","href":"https:\/\/api.w.org\/{rel}","templated":true}]}}