{"id":3998,"date":"2023-01-13T10:18:00","date_gmt":"2023-01-13T09:18:00","guid":{"rendered":"https:\/\/vilarrasa.com\/tipus-de-materia-primera-reciclada-per-fabricar-fil\/"},"modified":"2023-01-31T16:04:27","modified_gmt":"2023-01-31T15:04:27","slug":"tipus-de-materia-primera-reciclada-per-fabricar-fil","status":"publish","type":"post","link":"https:\/\/vilarrasa.com\/ca\/tipus-de-materia-primera-reciclada-per-fabricar-fil\/","title":{"rendered":"Tipus de mat\u00e8ria primera reciclada per fabricar fil"},"content":{"rendered":"\n<p class=\"has-neve-text-color-color has-text-color\">El valor que dona un producte al consumidor ve donat principalment pels atributs del producte i aquests s\u00f3n els que s\u00f3n en funci\u00f3 de com ha estat manufacturat i de la qualitat de la mat\u00e8ria amb la qual est\u00e0 fet.&#13;\n&#13;\n<\/p>\n\n<h2 class=\"has-neve-link-color-color has-text-color\"><b>La import\u00e0ncia de la mat\u00e8ria primera reciclada<\/b><\/h2>\n\n<p class=\"has-neve-text-color-color has-text-color\">A Vilarrasa sempre hem tingut clar que la qualitat de la mat\u00e8ria primera \u00e9s clau en l&#8217;elaboraci\u00f3 dels nostres fils, per\u00f2 quina \u00e9s la millor?&#13;\n<\/p>\n\n<p class=\"has-neve-text-color-color has-text-color\">No hi ha una \u00fanica resposta per aquesta pregunta, cada fabricant far\u00e0 servir la mat\u00e8ria que millor s\u2019adapti al seu proc\u00e9s productiu i al fil que faran. Per a nosaltres el primer i indispensable \u00e9s tenir claredat de l\u2019\u00fas final del fil, entendre quin teixit es far\u00e0 amb ell ens permetr\u00e0 identificar el fil a fabricar i les millors mat\u00e8ries primeres a utilitzar.&#13;\n<\/p>\n\n<p class=\"has-neve-text-color-color has-text-color\">Aix\u00ed doncs, queda clar que no hi ha una \u00fanica resposta, hi ha tantes com tipus de teixits, usos i fabricants.<\/p>\n\n<h2 class=\"has-neve-link-color-color has-text-color\"><b>Origen de la mat\u00e8ria primera reciclada<\/b><\/h2>\n\n<p class=\"has-neve-text-color-color has-text-color\">La mat\u00e8ria primera per fer fil reciclat \u00e9s el <a href=\"https:\/\/vilarrasa.com\/ca\/fils-reciclats-post-consumer-materia-prima-del-present-per-un-futur-mes-sostenible\/\">residu t\u00e8xtil<\/a> i existeixen infinitat de teixits, aix\u00ed com fibres. Tot teixit \u00e9s susceptible de ser reciclat, per\u00f2 aquest proc\u00e9s no es podr\u00e0 repetir de forma continuada, ja que al proc\u00e9s de reciclatge les fibres veuen redu\u00efda la seva llargada.<\/p>\n\n<p class=\"has-neve-text-color-color has-text-color\">La selecci\u00f3 del residu t\u00e8xtil es realitza principalment considerant les fibres amb les quals aquest est\u00e0 teixit. \u00c9s molt important tractar que el residu t\u00e8xtil tingui el menor nombre de fibres possible i tenir claredat del percentatge de cadascuna d\u2019aquestes que hi ha al teixit, per tal d&#8217;assegurar que la qualitat del <a href=\"https:\/\/vilarrasa.com\/ca\/fil-reciclat-pre-consumer-post-industrial-o-post-consumer\/\">fil reciclat<\/a> ser\u00e0 la id\u00f2nia per l\u2019\u00fas final d\u2019aquest.<\/p>\n\n<h2 class=\"has-neve-link-color-color has-text-color\"><b>Composicions de cot\u00f3 i altres tipus de mat\u00e8ria primera reciclada<\/b><\/h2>\n\n<p class=\"has-neve-text-color-color has-text-color\">Al llarg de la <a href=\"https:\/\/vilarrasa.com\/ca\/vilarrasa-fabricants-de-fil-reciclat-a-europa\/\">nostra hist\u00f2ria a Vilarrasa<\/a> hem manufacturat fils reciclats per gran varietat de clients arreu del m\u00f3n, per diferents productes t\u00e8xtils, fets amb gran varietat de fibres.<\/p>\n\n<p class=\"has-neve-text-color-color has-text-color\">Les fibres que m\u00e9s hem treballat hist\u00f2ricament han estat les de cot\u00f3 i poli\u00e8ster reciclats, assortint-nos de residu t\u00e8xtil per tot el m\u00f3n, col\u00b7laborant amb els nostres prove\u00efdors de confian\u00e7a. La nostra xarxa de prove\u00efdors \u00e9s molt gran i \u00e9s fonamental que aix\u00ed sigui, ja que per la manufactura d\u2019un fil de cot\u00f3 i poli\u00e8ster utilitzem de mitjana m\u00e9s de quatre tipus de mat\u00e8ria primera, de diferents prove\u00efdors.<\/p>\n\n<p class=\"has-neve-text-color-color has-text-color\">Altres fibres que tamb\u00e9 treballem s\u00f3n la viscosa, acr\u00edlic, poliamida i als \u00faltims temps moltes fibres naturals com el lli, c\u00e0nem o yute.<\/p>\n\n<p class=\"has-neve-text-color-color has-text-color\">La nostra recomanaci\u00f3 si fabriques productes t\u00e8xtils amb fils reciclats o penses en fer-ho, \u00e9s contactar amb l\u2019equip de Vilarrasa, estem a la teva disposici\u00f3 per assessorar-te i identificar quin ser\u00e0 el millor fil reciclat per al teu producte.<\/p>\n","protected":false},"excerpt":{"rendered":"<p>El valor que dona un producte al consumidor ve donat principalment pels atributs del producte i aquests s\u00f3n els que s\u00f3n en funci\u00f3 de com ha estat manufacturat i de la qualitat de la mat\u00e8ria amb la qual est\u00e0 fet.&#13; &#13; La import\u00e0ncia de la mat\u00e8ria primera reciclada A Vilarrasa sempre hem tingut clar que&hellip;&nbsp;<a href=\"https:\/\/vilarrasa.com\/ca\/tipus-de-materia-primera-reciclada-per-fabricar-fil\/\" class=\"\" rel=\"bookmark\">Read More &raquo;<span class=\"screen-reader-text\">Tipus de mat\u00e8ria primera reciclada per fabricar fil<\/span><\/a><\/p>\n","protected":false},"author":8,"featured_media":3993,"comment_status":"closed","ping_status":"open","sticky":false,"template":"","format":"standard","meta":{"content-type":"","neve_meta_sidebar":"","neve_meta_container":"","neve_meta_enable_content_width":"","neve_meta_content_width":0,"neve_meta_title_alignment":"","neve_meta_author_avatar":"","neve_post_elements_order":"","neve_meta_disable_header":"","neve_meta_disable_footer":"","neve_meta_disable_title":"","neve_meta_reading_time":""},"categories":[52,35],"tags":[],"yoast_head":"<!-- This site is optimized with the Yoast SEO plugin v18.8 - https:\/\/yoast.com\/wordpress\/plugins\/seo\/ -->\n<title>Tipus de mat\u00e8ria primera reciclada per fabricar fil - Vilarrasa<\/title>\n<meta name=\"description\" content=\"A Vilarrasa sempre sabem que la qualitat de la mat\u00e8ria primera \u00e9s clau en l&#039;elaboraci\u00f3 dels nostres fils, per\u00f2 quina \u00e9s la millor?\" \/>\n<meta name=\"robots\" content=\"index, follow, max-snippet:-1, max-image-preview:large, max-video-preview:-1\" \/>\n<link rel=\"canonical\" href=\"https:\/\/vilarrasa.com\/ca\/tipus-de-materia-primera-reciclada-per-fabricar-fil\/\" \/>\n<meta property=\"og:locale\" content=\"ca_ES\" \/>\n<meta property=\"og:type\" content=\"article\" \/>\n<meta property=\"og:title\" content=\"Tipus de mat\u00e8ria primera reciclada per fabricar fil - Vilarrasa\" \/>\n<meta property=\"og:description\" content=\"A Vilarrasa sempre sabem que la qualitat de la mat\u00e8ria primera \u00e9s clau en l&#039;elaboraci\u00f3 dels nostres fils, per\u00f2 quina \u00e9s la millor?\" \/>\n<meta property=\"og:url\" content=\"https:\/\/vilarrasa.com\/ca\/tipus-de-materia-primera-reciclada-per-fabricar-fil\/\" \/>\n<meta property=\"og:site_name\" content=\"Vilarrasa\" \/>\n<meta property=\"article:published_time\" content=\"2023-01-13T09:18:00+00:00\" \/>\n<meta property=\"article:modified_time\" content=\"2023-01-31T15:04:27+00:00\" \/>\n<meta property=\"og:image\" content=\"https:\/\/vilarrasa.com\/wp-content\/uploads\/2023\/01\/Imatges-destacades-blog-1.png\" \/>\n\t<meta property=\"og:image:width\" content=\"930\" \/>\n\t<meta property=\"og:image:height\" content=\"600\" \/>\n\t<meta property=\"og:image:type\" content=\"image\/png\" \/>\n<meta name=\"twitter:card\" content=\"summary_large_image\" \/>\n<meta name=\"twitter:label1\" content=\"Escrit per\" \/>\n\t<meta name=\"twitter:data1\" content=\"mkting04\" \/>\n\t<meta name=\"twitter:label2\" content=\"Temps estimat de lectura\" \/>\n\t<meta name=\"twitter:data2\" content=\"2 minuts\" \/>\n<script type=\"application\/ld+json\" class=\"yoast-schema-graph\">{\"@context\":\"https:\/\/schema.org\",\"@graph\":[{\"@type\":\"Organization\",\"@id\":\"https:\/\/vilarrasa.com\/#organization\",\"name\":\"S.Vilarrasa\",\"url\":\"https:\/\/vilarrasa.com\/\",\"sameAs\":[],\"logo\":{\"@type\":\"ImageObject\",\"inLanguage\":\"ca\",\"@id\":\"https:\/\/vilarrasa.com\/#\/schema\/logo\/image\/\",\"url\":\"https:\/\/vilarrasa.com\/wp-content\/uploads\/2020\/06\/logo_vilarr.png\",\"contentUrl\":\"https:\/\/vilarrasa.com\/wp-content\/uploads\/2020\/06\/logo_vilarr.png\",\"width\":885,\"height\":206,\"caption\":\"S.Vilarrasa\"},\"image\":{\"@id\":\"https:\/\/vilarrasa.com\/#\/schema\/logo\/image\/\"}},{\"@type\":\"WebSite\",\"@id\":\"https:\/\/vilarrasa.com\/#website\",\"url\":\"https:\/\/vilarrasa.com\/\",\"name\":\"Vilarrasa\",\"description\":\"Hilos reciclados de alta calidad\",\"publisher\":{\"@id\":\"https:\/\/vilarrasa.com\/#organization\"},\"potentialAction\":[{\"@type\":\"SearchAction\",\"target\":{\"@type\":\"EntryPoint\",\"urlTemplate\":\"https:\/\/vilarrasa.com\/?s={search_term_string}\"},\"query-input\":\"required name=search_term_string\"}],\"inLanguage\":\"ca\"},{\"@type\":\"ImageObject\",\"inLanguage\":\"ca\",\"@id\":\"https:\/\/vilarrasa.com\/ca\/tipus-de-materia-primera-reciclada-per-fabricar-fil\/#primaryimage\",\"url\":\"https:\/\/vilarrasa.com\/wp-content\/uploads\/2023\/01\/Imatges-destacades-blog-1.png\",\"contentUrl\":\"https:\/\/vilarrasa.com\/wp-content\/uploads\/2023\/01\/Imatges-destacades-blog-1.png\",\"width\":930,\"height\":600},{\"@type\":[\"WebPage\",\"ItemPage\"],\"@id\":\"https:\/\/vilarrasa.com\/ca\/tipus-de-materia-primera-reciclada-per-fabricar-fil\/#webpage\",\"url\":\"https:\/\/vilarrasa.com\/ca\/tipus-de-materia-primera-reciclada-per-fabricar-fil\/\",\"name\":\"Tipus de mat\u00e8ria primera reciclada per fabricar fil - Vilarrasa\",\"isPartOf\":{\"@id\":\"https:\/\/vilarrasa.com\/#website\"},\"primaryImageOfPage\":{\"@id\":\"https:\/\/vilarrasa.com\/ca\/tipus-de-materia-primera-reciclada-per-fabricar-fil\/#primaryimage\"},\"datePublished\":\"2023-01-13T09:18:00+00:00\",\"dateModified\":\"2023-01-31T15:04:27+00:00\",\"description\":\"A Vilarrasa sempre sabem que la qualitat de la mat\u00e8ria primera \u00e9s clau en l'elaboraci\u00f3 dels nostres fils, per\u00f2 quina \u00e9s la millor?\",\"breadcrumb\":{\"@id\":\"https:\/\/vilarrasa.com\/ca\/tipus-de-materia-primera-reciclada-per-fabricar-fil\/#breadcrumb\"},\"inLanguage\":\"ca\",\"potentialAction\":[{\"@type\":\"ReadAction\",\"target\":[\"https:\/\/vilarrasa.com\/ca\/tipus-de-materia-primera-reciclada-per-fabricar-fil\/\"]}]},{\"@type\":\"BreadcrumbList\",\"@id\":\"https:\/\/vilarrasa.com\/ca\/tipus-de-materia-primera-reciclada-per-fabricar-fil\/#breadcrumb\",\"itemListElement\":[{\"@type\":\"ListItem\",\"position\":1,\"name\":\"Home\",\"item\":\"https:\/\/vilarrasa.com\/\"},{\"@type\":\"ListItem\",\"position\":2,\"name\":\"Tipus de mat\u00e8ria primera reciclada per fabricar fil\"}]},{\"@type\":[\"Article\",\"BlogPosting\"],\"@id\":\"https:\/\/vilarrasa.com\/ca\/tipus-de-materia-primera-reciclada-per-fabricar-fil\/#article\",\"isPartOf\":{\"@id\":\"https:\/\/vilarrasa.com\/ca\/tipus-de-materia-primera-reciclada-per-fabricar-fil\/#webpage\"},\"author\":{\"@id\":\"https:\/\/vilarrasa.com\/#\/schema\/person\/dbb2c0e50b86501b7b1661c9eabbbade\"},\"headline\":\"Tipus de mat\u00e8ria primera reciclada per fabricar fil\",\"datePublished\":\"2023-01-13T09:18:00+00:00\",\"dateModified\":\"2023-01-31T15:04:27+00:00\",\"mainEntityOfPage\":{\"@id\":\"https:\/\/vilarrasa.com\/ca\/tipus-de-materia-primera-reciclada-per-fabricar-fil\/#webpage\"},\"wordCount\":497,\"publisher\":{\"@id\":\"https:\/\/vilarrasa.com\/#organization\"},\"image\":{\"@id\":\"https:\/\/vilarrasa.com\/ca\/tipus-de-materia-primera-reciclada-per-fabricar-fil\/#primaryimage\"},\"thumbnailUrl\":\"https:\/\/vilarrasa.com\/wp-content\/uploads\/2023\/01\/Imatges-destacades-blog-1.png\",\"articleSection\":[\"Fil reciclat\",\"Post-consumer\"],\"inLanguage\":\"ca\"},{\"@type\":\"Person\",\"@id\":\"https:\/\/vilarrasa.com\/#\/schema\/person\/dbb2c0e50b86501b7b1661c9eabbbade\",\"name\":\"mkting04\",\"image\":{\"@type\":\"ImageObject\",\"inLanguage\":\"ca\",\"@id\":\"https:\/\/vilarrasa.com\/#\/schema\/person\/image\/\",\"url\":\"https:\/\/secure.gravatar.com\/avatar\/4a2f9f47483c84967d982cc323aede7a?s=96&d=mm&r=g\",\"contentUrl\":\"https:\/\/secure.gravatar.com\/avatar\/4a2f9f47483c84967d982cc323aede7a?s=96&d=mm&r=g\",\"caption\":\"mkting04\"}}]}<\/script>\n<!-- \/ Yoast SEO plugin. -->","yoast_head_json":{"title":"Tipus de mat\u00e8ria primera reciclada per fabricar fil - Vilarrasa","description":"A Vilarrasa sempre sabem que la qualitat de la mat\u00e8ria primera \u00e9s clau en l'elaboraci\u00f3 dels nostres fils, per\u00f2 quina \u00e9s la millor?","robots":{"index":"index","follow":"follow","max-snippet":"max-snippet:-1","max-image-preview":"max-image-preview:large","max-video-preview":"max-video-preview:-1"},"canonical":"https:\/\/vilarrasa.com\/ca\/tipus-de-materia-primera-reciclada-per-fabricar-fil\/","og_locale":"ca_ES","og_type":"article","og_title":"Tipus de mat\u00e8ria primera reciclada per fabricar fil - Vilarrasa","og_description":"A Vilarrasa sempre sabem que la qualitat de la mat\u00e8ria primera \u00e9s clau en l'elaboraci\u00f3 dels nostres fils, per\u00f2 quina \u00e9s la millor?","og_url":"https:\/\/vilarrasa.com\/ca\/tipus-de-materia-primera-reciclada-per-fabricar-fil\/","og_site_name":"Vilarrasa","article_published_time":"2023-01-13T09:18:00+00:00","article_modified_time":"2023-01-31T15:04:27+00:00","og_image":[{"width":930,"height":600,"url":"https:\/\/vilarrasa.com\/wp-content\/uploads\/2023\/01\/Imatges-destacades-blog-1.png","type":"image\/png"}],"twitter_card":"summary_large_image","twitter_misc":{"Escrit per":"mkting04","Temps estimat de lectura":"2 minuts"},"schema":{"@context":"https:\/\/schema.org","@graph":[{"@type":"Organization","@id":"https:\/\/vilarrasa.com\/#organization","name":"S.Vilarrasa","url":"https:\/\/vilarrasa.com\/","sameAs":[],"logo":{"@type":"ImageObject","inLanguage":"ca","@id":"https:\/\/vilarrasa.com\/#\/schema\/logo\/image\/","url":"https:\/\/vilarrasa.com\/wp-content\/uploads\/2020\/06\/logo_vilarr.png","contentUrl":"https:\/\/vilarrasa.com\/wp-content\/uploads\/2020\/06\/logo_vilarr.png","width":885,"height":206,"caption":"S.Vilarrasa"},"image":{"@id":"https:\/\/vilarrasa.com\/#\/schema\/logo\/image\/"}},{"@type":"WebSite","@id":"https:\/\/vilarrasa.com\/#website","url":"https:\/\/vilarrasa.com\/","name":"Vilarrasa","description":"Hilos reciclados de alta calidad","publisher":{"@id":"https:\/\/vilarrasa.com\/#organization"},"potentialAction":[{"@type":"SearchAction","target":{"@type":"EntryPoint","urlTemplate":"https:\/\/vilarrasa.com\/?s={search_term_string}"},"query-input":"required name=search_term_string"}],"inLanguage":"ca"},{"@type":"ImageObject","inLanguage":"ca","@id":"https:\/\/vilarrasa.com\/ca\/tipus-de-materia-primera-reciclada-per-fabricar-fil\/#primaryimage","url":"https:\/\/vilarrasa.com\/wp-content\/uploads\/2023\/01\/Imatges-destacades-blog-1.png","contentUrl":"https:\/\/vilarrasa.com\/wp-content\/uploads\/2023\/01\/Imatges-destacades-blog-1.png","width":930,"height":600},{"@type":["WebPage","ItemPage"],"@id":"https:\/\/vilarrasa.com\/ca\/tipus-de-materia-primera-reciclada-per-fabricar-fil\/#webpage","url":"https:\/\/vilarrasa.com\/ca\/tipus-de-materia-primera-reciclada-per-fabricar-fil\/","name":"Tipus de mat\u00e8ria primera reciclada per fabricar fil - Vilarrasa","isPartOf":{"@id":"https:\/\/vilarrasa.com\/#website"},"primaryImageOfPage":{"@id":"https:\/\/vilarrasa.com\/ca\/tipus-de-materia-primera-reciclada-per-fabricar-fil\/#primaryimage"},"datePublished":"2023-01-13T09:18:00+00:00","dateModified":"2023-01-31T15:04:27+00:00","description":"A Vilarrasa sempre sabem que la qualitat de la mat\u00e8ria primera \u00e9s clau en l'elaboraci\u00f3 dels nostres fils, per\u00f2 quina \u00e9s la millor?","breadcrumb":{"@id":"https:\/\/vilarrasa.com\/ca\/tipus-de-materia-primera-reciclada-per-fabricar-fil\/#breadcrumb"},"inLanguage":"ca","potentialAction":[{"@type":"ReadAction","target":["https:\/\/vilarrasa.com\/ca\/tipus-de-materia-primera-reciclada-per-fabricar-fil\/"]}]},{"@type":"BreadcrumbList","@id":"https:\/\/vilarrasa.com\/ca\/tipus-de-materia-primera-reciclada-per-fabricar-fil\/#breadcrumb","itemListElement":[{"@type":"ListItem","position":1,"name":"Home","item":"https:\/\/vilarrasa.com\/"},{"@type":"ListItem","position":2,"name":"Tipus de mat\u00e8ria primera reciclada per fabricar fil"}]},{"@type":["Article","BlogPosting"],"@id":"https:\/\/vilarrasa.com\/ca\/tipus-de-materia-primera-reciclada-per-fabricar-fil\/#article","isPartOf":{"@id":"https:\/\/vilarrasa.com\/ca\/tipus-de-materia-primera-reciclada-per-fabricar-fil\/#webpage"},"author":{"@id":"https:\/\/vilarrasa.com\/#\/schema\/person\/dbb2c0e50b86501b7b1661c9eabbbade"},"headline":"Tipus de mat\u00e8ria primera reciclada per fabricar fil","datePublished":"2023-01-13T09:18:00+00:00","dateModified":"2023-01-31T15:04:27+00:00","mainEntityOfPage":{"@id":"https:\/\/vilarrasa.com\/ca\/tipus-de-materia-primera-reciclada-per-fabricar-fil\/#webpage"},"wordCount":497,"publisher":{"@id":"https:\/\/vilarrasa.com\/#organization"},"image":{"@id":"https:\/\/vilarrasa.com\/ca\/tipus-de-materia-primera-reciclada-per-fabricar-fil\/#primaryimage"},"thumbnailUrl":"https:\/\/vilarrasa.com\/wp-content\/uploads\/2023\/01\/Imatges-destacades-blog-1.png","articleSection":["Fil reciclat","Post-consumer"],"inLanguage":"ca"},{"@type":"Person","@id":"https:\/\/vilarrasa.com\/#\/schema\/person\/dbb2c0e50b86501b7b1661c9eabbbade","name":"mkting04","image":{"@type":"ImageObject","inLanguage":"ca","@id":"https:\/\/vilarrasa.com\/#\/schema\/person\/image\/","url":"https:\/\/secure.gravatar.com\/avatar\/4a2f9f47483c84967d982cc323aede7a?s=96&d=mm&r=g","contentUrl":"https:\/\/secure.gravatar.com\/avatar\/4a2f9f47483c84967d982cc323aede7a?s=96&d=mm&r=g","caption":"mkting04"}}]}},"_links":{"self":[{"href":"https:\/\/vilarrasa.com\/ca\/wp-json\/wp\/v2\/posts\/3998"}],"collection":[{"href":"https:\/\/vilarrasa.com\/ca\/wp-json\/wp\/v2\/posts"}],"about":[{"href":"https:\/\/vilarrasa.com\/ca\/wp-json\/wp\/v2\/types\/post"}],"author":[{"embeddable":true,"href":"https:\/\/vilarrasa.com\/ca\/wp-json\/wp\/v2\/users\/8"}],"replies":[{"embeddable":true,"href":"https:\/\/vilarrasa.com\/ca\/wp-json\/wp\/v2\/comments?post=3998"}],"version-history":[{"count":2,"href":"https:\/\/vilarrasa.com\/ca\/wp-json\/wp\/v2\/posts\/3998\/revisions"}],"predecessor-version":[{"id":4002,"href":"https:\/\/vilarrasa.com\/ca\/wp-json\/wp\/v2\/posts\/3998\/revisions\/4002"}],"wp:featuredmedia":[{"embeddable":true,"href":"https:\/\/vilarrasa.com\/ca\/wp-json\/wp\/v2\/media\/3993"}],"wp:attachment":[{"href":"https:\/\/vilarrasa.com\/ca\/wp-json\/wp\/v2\/media?parent=3998"}],"wp:term":[{"taxonomy":"category","embeddable":true,"href":"https:\/\/vilarrasa.com\/ca\/wp-json\/wp\/v2\/categories?post=3998"},{"taxonomy":"post_tag","embeddable":true,"href":"https:\/\/vilarrasa.com\/ca\/wp-json\/wp\/v2\/tags?post=3998"}],"curies":[{"name":"wp","href":"https:\/\/api.w.org\/{rel}","templated":true}]}}