{"id":4045,"date":"2023-01-17T09:40:26","date_gmt":"2023-01-17T08:40:26","guid":{"rendered":"https:\/\/vilarrasa.com\/?p=4045"},"modified":"2023-06-23T16:47:21","modified_gmt":"2023-06-23T14:47:21","slug":"les-5-tendencies-que-marcaran-el-sector-textil-el-2023","status":"publish","type":"post","link":"https:\/\/vilarrasa.com\/ca\/les-5-tendencies-que-marcaran-el-sector-textil-el-2023\/","title":{"rendered":"Les 5 tend\u00e8ncies que marcaran el sector t\u00e8xtil el 2023"},"content":{"rendered":"\n<p class=\"has-neve-text-color-color has-text-color\">Amb l&#8217;entrada d&#8217;un any nou, noves tend\u00e8ncies s&#8217;obren pas i el sector t\u00e8xtil no n&#8217;\u00e9s una excepci\u00f3. Per aquest motiu, compartim amb tu quines seran 5 de les tend\u00e8ncies que marcaran el 2023 a la ind\u00fastria t\u00e8xtil. No perdis cap detall!<\/p>\n\n<h2 class=\"has-neve-link-color-color has-text-color\">1.\u00a0Nous requisits vinculats al disseny de productes T\u00e8xtils<\/h2>\n\n<p class=\"has-neve-text-color-color has-text-color\">L&#8217;Estrat\u00e8gia de la UE sobre productes t\u00e8xtils i circulars persegueix que per al 2030 tots els productes t\u00e8xtils comercialitzats a la UE siguin duradors i reciclables. Fabricats en gran manera amb fibres reciclades, lliures de subst\u00e0ncies perilloses i produ\u00efdes respectant els drets socials i del medi ambient.&#13;\n&#13;\nA Vilarrasa, fa m\u00e9s de 50 anys que actuem de forma sostenible, dedicant la nostra producci\u00f3 des dels seus inicis a la confecci\u00f3 de fils reciclats preconsumer, contribuint a la reducci\u00f3 en els abocaments t\u00e8xtils.<\/p>\n\n<h2 class=\"has-neve-link-color-color has-text-color\">2. Acabar amb la destrucci\u00f3 de productes T\u00e8xtils<\/h2>\n\n<p class=\"has-neve-text-color-color has-text-color\">La Comissi\u00f3 proposa una obligaci\u00f3 de transpar\u00e8ncia que obligui les grans empreses a fer p\u00fablic el nombre de productes que rebutgen i destrueixen, inclosos els productes t\u00e8xtils. A m\u00e9s, es preveu introduir prohibicions relatives a la destrucci\u00f3 dels productes no venuts.&#13;\n&#13;\nD&#8217;aquesta manera, Vilarrasa fa m\u00e9s de 4 anys que duu a terme projectes postconsumer gr\u00e0cies al <em>know-how<\/em> de m\u00e9s de mig segle treballant en el m\u00f3n del reciclatge. Aix\u00ed va n\u00e9ixer <a href=\"https:\/\/vilarrasa.com\/ca\/respin-by-vilarrasa-fabricacio-fil-reciclat-post-consumer\/\">RESPIN by Vilarrasa<\/a>, que pret\u00e9n treballar amb diferents residus postconsumer per crear nous productes d&#8217;alta qualitat.<\/p>\n\n<h2 class=\"has-neve-link-color-color has-text-color\">3.\u00a0Introduir requisits d&#8217;informaci\u00f3 i passaport digital de productes<\/h2>\n\n<p class=\"has-neve-text-color-color has-text-color\">La Comissi\u00f3 Europea treballar\u00e0 en la implantaci\u00f3 d&#8217;un passaport digital de productes t\u00e8xtils basats en requisits obligatoris d&#8217;informaci\u00f3 sobre circularitat i altres aspectes ambientals. El mercat de la UE haur\u00e0 d&#8217;incloure a l&#8217;etiquetatge la composici\u00f3 de fibres tamb\u00e9 com a informaci\u00f3 dels processos productius.<\/p>\n\n<p class=\"has-neve-text-color-color has-text-color\">D&#8217;aquesta manera s&#8217;intenta oferir una millor protecci\u00f3 contra les pr\u00e0ctiques deslleials. Aix\u00f2 donar\u00e0 lloc a nous requisits sobre com informar al punt de venda als consumidors sobre la garantia comercial de durabilitat i la reparabilitat del producte. Tamb\u00e9, com limitar les declaracions del tipus ecol\u00f2gic nom\u00e9s a aquells productes avalats per comportaments ambientals de reconeguda excel\u00b7l\u00e8ncia, exigint que les etiquetes estiguin basades en una verificaci\u00f3 externa.<\/p>\n\n<h2 class=\"has-neve-link-color-color has-text-color\">4. Augment de la demanda de fibres naturals<\/h2>\n\n<p class=\"has-neve-text-color-color has-text-color\">Una de les tend\u00e8ncies m\u00e9s significatives que han anat configurant la ind\u00fastria t\u00e8xtil \u00e9s augmentar la demanda de fibres naturals. A Vilarrasa actualment treballem amb les <a href=\"https:\/\/vilarrasa.com\/ca\/tipus-de-materia-primera-reciclada-per-fabricar-fil\/\">fibres m\u00e9s destacades<\/a> com s\u00f3n el <strong>cot\u00f3<\/strong>, el <strong>lli<\/strong>, el <strong>c\u00e0nem<\/strong>. El c\u00e0nem, per exemple, \u00e9s una de les fibres m\u00e9s resistents i duradores dins de les fibres naturals i hem pogut veure una demanda creixent. El m\u00e9s probable \u00e9s que aquesta tend\u00e8ncia continu\u00ef perqu\u00e8 les fibres naturals tenen menys impacte mediambiental.<\/p>\n\n<h2 class=\"has-neve-link-color-color has-text-color\">5. El canvi a trav\u00e9s de la circularitat<\/h2>\n\n<p class=\"has-neve-text-color-color has-text-color\">Un dels grans objectius dins del sector del reciclatge t\u00e8xtil \u00e9s tornar m\u00e9s efectiu l&#8217;\u00fas dels recursos i transitar cap a energies i materials renovables a la producci\u00f3 de roba. La ind\u00fastria de la moda \u00e9s una de les ind\u00fastries m\u00e9s contaminants, aquesta \u00e9s la ra\u00f3 per la qual s&#8217;espera que cada cop hi hagi m\u00e9s empreses i regulacions que apostin per l&#8217;economia circular, que fomenta la reutilitzaci\u00f3 dels materials existents.<\/p>\n","protected":false},"excerpt":{"rendered":"<p>Amb l&#8217;entrada d&#8217;un any nou, noves tend\u00e8ncies s&#8217;obren pas i el sector t\u00e8xtil no n&#8217;\u00e9s una excepci\u00f3. Per aquest motiu, compartim amb tu quines seran 5 de les tend\u00e8ncies que marcaran el 2023 a la ind\u00fastria t\u00e8xtil. No perdis cap detall! 1.\u00a0Nous requisits vinculats al disseny de productes T\u00e8xtils L&#8217;Estrat\u00e8gia de la UE sobre productes&hellip;&nbsp;<a href=\"https:\/\/vilarrasa.com\/ca\/les-5-tendencies-que-marcaran-el-sector-textil-el-2023\/\" class=\"\" rel=\"bookmark\">Read More &raquo;<span class=\"screen-reader-text\">Les 5 tend\u00e8ncies que marcaran el sector t\u00e8xtil el 2023<\/span><\/a><\/p>\n","protected":false},"author":8,"featured_media":4038,"comment_status":"closed","ping_status":"open","sticky":false,"template":"","format":"standard","meta":{"content-type":"","neve_meta_sidebar":"","neve_meta_container":"","neve_meta_enable_content_width":"","neve_meta_content_width":0,"neve_meta_title_alignment":"","neve_meta_author_avatar":"","neve_post_elements_order":"","neve_meta_disable_header":"","neve_meta_disable_footer":"","neve_meta_disable_title":"","neve_meta_reading_time":""},"categories":[63],"tags":[],"yoast_head":"<!-- This site is optimized with the Yoast SEO plugin v18.8 - https:\/\/yoast.com\/wordpress\/plugins\/seo\/ -->\n<title>Les 5 tend\u00e8ncies que marcaran el sector t\u00e8xtil el 2023 - Vilarrasa<\/title>\n<meta name=\"description\" content=\"Et compartim 5 de les tend\u00e8ncies que marcaran aquest 2023 al sector de la ind\u00fastria t\u00e8xtil. No perdis cap detall!\" \/>\n<meta name=\"robots\" content=\"index, follow, max-snippet:-1, max-image-preview:large, max-video-preview:-1\" \/>\n<link rel=\"canonical\" href=\"https:\/\/vilarrasa.com\/ca\/les-5-tendencies-que-marcaran-el-sector-textil-el-2023\/\" \/>\n<meta property=\"og:locale\" content=\"ca_ES\" \/>\n<meta property=\"og:type\" content=\"article\" \/>\n<meta property=\"og:title\" content=\"Les 5 tend\u00e8ncies que marcaran el sector t\u00e8xtil el 2023 - Vilarrasa\" \/>\n<meta property=\"og:description\" content=\"Et compartim 5 de les tend\u00e8ncies que marcaran aquest 2023 al sector de la ind\u00fastria t\u00e8xtil. No perdis cap detall!\" \/>\n<meta property=\"og:url\" content=\"https:\/\/vilarrasa.com\/ca\/les-5-tendencies-que-marcaran-el-sector-textil-el-2023\/\" \/>\n<meta property=\"og:site_name\" content=\"Vilarrasa\" \/>\n<meta property=\"article:published_time\" content=\"2023-01-17T08:40:26+00:00\" \/>\n<meta property=\"article:modified_time\" content=\"2023-06-23T14:47:21+00:00\" \/>\n<meta property=\"og:image\" content=\"https:\/\/vilarrasa.com\/wp-content\/uploads\/2023\/01\/tendencias-sector-textil-2023.jpg\" \/>\n\t<meta property=\"og:image:width\" content=\"930\" \/>\n\t<meta property=\"og:image:height\" content=\"600\" \/>\n\t<meta property=\"og:image:type\" content=\"image\/jpeg\" \/>\n<meta name=\"twitter:card\" content=\"summary_large_image\" \/>\n<meta name=\"twitter:label1\" content=\"Escrit per\" \/>\n\t<meta name=\"twitter:data1\" content=\"mkting04\" \/>\n\t<meta name=\"twitter:label2\" content=\"Temps estimat de lectura\" \/>\n\t<meta name=\"twitter:data2\" content=\"3 minuts\" \/>\n<script type=\"application\/ld+json\" class=\"yoast-schema-graph\">{\"@context\":\"https:\/\/schema.org\",\"@graph\":[{\"@type\":\"Organization\",\"@id\":\"https:\/\/vilarrasa.com\/#organization\",\"name\":\"S.Vilarrasa\",\"url\":\"https:\/\/vilarrasa.com\/\",\"sameAs\":[],\"logo\":{\"@type\":\"ImageObject\",\"inLanguage\":\"ca\",\"@id\":\"https:\/\/vilarrasa.com\/#\/schema\/logo\/image\/\",\"url\":\"https:\/\/vilarrasa.com\/wp-content\/uploads\/2020\/06\/logo_vilarr.png\",\"contentUrl\":\"https:\/\/vilarrasa.com\/wp-content\/uploads\/2020\/06\/logo_vilarr.png\",\"width\":885,\"height\":206,\"caption\":\"S.Vilarrasa\"},\"image\":{\"@id\":\"https:\/\/vilarrasa.com\/#\/schema\/logo\/image\/\"}},{\"@type\":\"WebSite\",\"@id\":\"https:\/\/vilarrasa.com\/#website\",\"url\":\"https:\/\/vilarrasa.com\/\",\"name\":\"Vilarrasa\",\"description\":\"Hilos reciclados de alta calidad\",\"publisher\":{\"@id\":\"https:\/\/vilarrasa.com\/#organization\"},\"potentialAction\":[{\"@type\":\"SearchAction\",\"target\":{\"@type\":\"EntryPoint\",\"urlTemplate\":\"https:\/\/vilarrasa.com\/?s={search_term_string}\"},\"query-input\":\"required name=search_term_string\"}],\"inLanguage\":\"ca\"},{\"@type\":\"ImageObject\",\"inLanguage\":\"ca\",\"@id\":\"https:\/\/vilarrasa.com\/ca\/les-5-tendencies-que-marcaran-el-sector-textil-el-2023\/#primaryimage\",\"url\":\"https:\/\/vilarrasa.com\/wp-content\/uploads\/2023\/01\/tendencias-sector-textil-2023.jpg\",\"contentUrl\":\"https:\/\/vilarrasa.com\/wp-content\/uploads\/2023\/01\/tendencias-sector-textil-2023.jpg\",\"width\":930,\"height\":600},{\"@type\":[\"WebPage\",\"ItemPage\"],\"@id\":\"https:\/\/vilarrasa.com\/ca\/les-5-tendencies-que-marcaran-el-sector-textil-el-2023\/#webpage\",\"url\":\"https:\/\/vilarrasa.com\/ca\/les-5-tendencies-que-marcaran-el-sector-textil-el-2023\/\",\"name\":\"Les 5 tend\u00e8ncies que marcaran el sector t\u00e8xtil el 2023 - Vilarrasa\",\"isPartOf\":{\"@id\":\"https:\/\/vilarrasa.com\/#website\"},\"primaryImageOfPage\":{\"@id\":\"https:\/\/vilarrasa.com\/ca\/les-5-tendencies-que-marcaran-el-sector-textil-el-2023\/#primaryimage\"},\"datePublished\":\"2023-01-17T08:40:26+00:00\",\"dateModified\":\"2023-06-23T14:47:21+00:00\",\"description\":\"Et compartim 5 de les tend\u00e8ncies que marcaran aquest 2023 al sector de la ind\u00fastria t\u00e8xtil. No perdis cap detall!\",\"breadcrumb\":{\"@id\":\"https:\/\/vilarrasa.com\/ca\/les-5-tendencies-que-marcaran-el-sector-textil-el-2023\/#breadcrumb\"},\"inLanguage\":\"ca\",\"potentialAction\":[{\"@type\":\"ReadAction\",\"target\":[\"https:\/\/vilarrasa.com\/ca\/les-5-tendencies-que-marcaran-el-sector-textil-el-2023\/\"]}]},{\"@type\":\"BreadcrumbList\",\"@id\":\"https:\/\/vilarrasa.com\/ca\/les-5-tendencies-que-marcaran-el-sector-textil-el-2023\/#breadcrumb\",\"itemListElement\":[{\"@type\":\"ListItem\",\"position\":1,\"name\":\"Home\",\"item\":\"https:\/\/vilarrasa.com\/\"},{\"@type\":\"ListItem\",\"position\":2,\"name\":\"Les 5 tend\u00e8ncies que marcaran el sector t\u00e8xtil el 2023\"}]},{\"@type\":[\"Article\",\"BlogPosting\"],\"@id\":\"https:\/\/vilarrasa.com\/ca\/les-5-tendencies-que-marcaran-el-sector-textil-el-2023\/#article\",\"isPartOf\":{\"@id\":\"https:\/\/vilarrasa.com\/ca\/les-5-tendencies-que-marcaran-el-sector-textil-el-2023\/#webpage\"},\"author\":{\"@id\":\"https:\/\/vilarrasa.com\/#\/schema\/person\/dbb2c0e50b86501b7b1661c9eabbbade\"},\"headline\":\"Les 5 tend\u00e8ncies que marcaran el sector t\u00e8xtil el 2023\",\"datePublished\":\"2023-01-17T08:40:26+00:00\",\"dateModified\":\"2023-06-23T14:47:21+00:00\",\"mainEntityOfPage\":{\"@id\":\"https:\/\/vilarrasa.com\/ca\/les-5-tendencies-que-marcaran-el-sector-textil-el-2023\/#webpage\"},\"wordCount\":562,\"publisher\":{\"@id\":\"https:\/\/vilarrasa.com\/#organization\"},\"image\":{\"@id\":\"https:\/\/vilarrasa.com\/ca\/les-5-tendencies-que-marcaran-el-sector-textil-el-2023\/#primaryimage\"},\"thumbnailUrl\":\"https:\/\/vilarrasa.com\/wp-content\/uploads\/2023\/01\/tendencias-sector-textil-2023.jpg\",\"articleSection\":[\"tend\u00e8ncies\"],\"inLanguage\":\"ca\"},{\"@type\":\"Person\",\"@id\":\"https:\/\/vilarrasa.com\/#\/schema\/person\/dbb2c0e50b86501b7b1661c9eabbbade\",\"name\":\"mkting04\",\"image\":{\"@type\":\"ImageObject\",\"inLanguage\":\"ca\",\"@id\":\"https:\/\/vilarrasa.com\/#\/schema\/person\/image\/\",\"url\":\"https:\/\/secure.gravatar.com\/avatar\/4a2f9f47483c84967d982cc323aede7a?s=96&d=mm&r=g\",\"contentUrl\":\"https:\/\/secure.gravatar.com\/avatar\/4a2f9f47483c84967d982cc323aede7a?s=96&d=mm&r=g\",\"caption\":\"mkting04\"}}]}<\/script>\n<!-- \/ Yoast SEO plugin. -->","yoast_head_json":{"title":"Les 5 tend\u00e8ncies que marcaran el sector t\u00e8xtil el 2023 - Vilarrasa","description":"Et compartim 5 de les tend\u00e8ncies que marcaran aquest 2023 al sector de la ind\u00fastria t\u00e8xtil. No perdis cap detall!","robots":{"index":"index","follow":"follow","max-snippet":"max-snippet:-1","max-image-preview":"max-image-preview:large","max-video-preview":"max-video-preview:-1"},"canonical":"https:\/\/vilarrasa.com\/ca\/les-5-tendencies-que-marcaran-el-sector-textil-el-2023\/","og_locale":"ca_ES","og_type":"article","og_title":"Les 5 tend\u00e8ncies que marcaran el sector t\u00e8xtil el 2023 - Vilarrasa","og_description":"Et compartim 5 de les tend\u00e8ncies que marcaran aquest 2023 al sector de la ind\u00fastria t\u00e8xtil. No perdis cap detall!","og_url":"https:\/\/vilarrasa.com\/ca\/les-5-tendencies-que-marcaran-el-sector-textil-el-2023\/","og_site_name":"Vilarrasa","article_published_time":"2023-01-17T08:40:26+00:00","article_modified_time":"2023-06-23T14:47:21+00:00","og_image":[{"width":930,"height":600,"url":"https:\/\/vilarrasa.com\/wp-content\/uploads\/2023\/01\/tendencias-sector-textil-2023.jpg","type":"image\/jpeg"}],"twitter_card":"summary_large_image","twitter_misc":{"Escrit per":"mkting04","Temps estimat de lectura":"3 minuts"},"schema":{"@context":"https:\/\/schema.org","@graph":[{"@type":"Organization","@id":"https:\/\/vilarrasa.com\/#organization","name":"S.Vilarrasa","url":"https:\/\/vilarrasa.com\/","sameAs":[],"logo":{"@type":"ImageObject","inLanguage":"ca","@id":"https:\/\/vilarrasa.com\/#\/schema\/logo\/image\/","url":"https:\/\/vilarrasa.com\/wp-content\/uploads\/2020\/06\/logo_vilarr.png","contentUrl":"https:\/\/vilarrasa.com\/wp-content\/uploads\/2020\/06\/logo_vilarr.png","width":885,"height":206,"caption":"S.Vilarrasa"},"image":{"@id":"https:\/\/vilarrasa.com\/#\/schema\/logo\/image\/"}},{"@type":"WebSite","@id":"https:\/\/vilarrasa.com\/#website","url":"https:\/\/vilarrasa.com\/","name":"Vilarrasa","description":"Hilos reciclados de alta calidad","publisher":{"@id":"https:\/\/vilarrasa.com\/#organization"},"potentialAction":[{"@type":"SearchAction","target":{"@type":"EntryPoint","urlTemplate":"https:\/\/vilarrasa.com\/?s={search_term_string}"},"query-input":"required name=search_term_string"}],"inLanguage":"ca"},{"@type":"ImageObject","inLanguage":"ca","@id":"https:\/\/vilarrasa.com\/ca\/les-5-tendencies-que-marcaran-el-sector-textil-el-2023\/#primaryimage","url":"https:\/\/vilarrasa.com\/wp-content\/uploads\/2023\/01\/tendencias-sector-textil-2023.jpg","contentUrl":"https:\/\/vilarrasa.com\/wp-content\/uploads\/2023\/01\/tendencias-sector-textil-2023.jpg","width":930,"height":600},{"@type":["WebPage","ItemPage"],"@id":"https:\/\/vilarrasa.com\/ca\/les-5-tendencies-que-marcaran-el-sector-textil-el-2023\/#webpage","url":"https:\/\/vilarrasa.com\/ca\/les-5-tendencies-que-marcaran-el-sector-textil-el-2023\/","name":"Les 5 tend\u00e8ncies que marcaran el sector t\u00e8xtil el 2023 - Vilarrasa","isPartOf":{"@id":"https:\/\/vilarrasa.com\/#website"},"primaryImageOfPage":{"@id":"https:\/\/vilarrasa.com\/ca\/les-5-tendencies-que-marcaran-el-sector-textil-el-2023\/#primaryimage"},"datePublished":"2023-01-17T08:40:26+00:00","dateModified":"2023-06-23T14:47:21+00:00","description":"Et compartim 5 de les tend\u00e8ncies que marcaran aquest 2023 al sector de la ind\u00fastria t\u00e8xtil. No perdis cap detall!","breadcrumb":{"@id":"https:\/\/vilarrasa.com\/ca\/les-5-tendencies-que-marcaran-el-sector-textil-el-2023\/#breadcrumb"},"inLanguage":"ca","potentialAction":[{"@type":"ReadAction","target":["https:\/\/vilarrasa.com\/ca\/les-5-tendencies-que-marcaran-el-sector-textil-el-2023\/"]}]},{"@type":"BreadcrumbList","@id":"https:\/\/vilarrasa.com\/ca\/les-5-tendencies-que-marcaran-el-sector-textil-el-2023\/#breadcrumb","itemListElement":[{"@type":"ListItem","position":1,"name":"Home","item":"https:\/\/vilarrasa.com\/"},{"@type":"ListItem","position":2,"name":"Les 5 tend\u00e8ncies que marcaran el sector t\u00e8xtil el 2023"}]},{"@type":["Article","BlogPosting"],"@id":"https:\/\/vilarrasa.com\/ca\/les-5-tendencies-que-marcaran-el-sector-textil-el-2023\/#article","isPartOf":{"@id":"https:\/\/vilarrasa.com\/ca\/les-5-tendencies-que-marcaran-el-sector-textil-el-2023\/#webpage"},"author":{"@id":"https:\/\/vilarrasa.com\/#\/schema\/person\/dbb2c0e50b86501b7b1661c9eabbbade"},"headline":"Les 5 tend\u00e8ncies que marcaran el sector t\u00e8xtil el 2023","datePublished":"2023-01-17T08:40:26+00:00","dateModified":"2023-06-23T14:47:21+00:00","mainEntityOfPage":{"@id":"https:\/\/vilarrasa.com\/ca\/les-5-tendencies-que-marcaran-el-sector-textil-el-2023\/#webpage"},"wordCount":562,"publisher":{"@id":"https:\/\/vilarrasa.com\/#organization"},"image":{"@id":"https:\/\/vilarrasa.com\/ca\/les-5-tendencies-que-marcaran-el-sector-textil-el-2023\/#primaryimage"},"thumbnailUrl":"https:\/\/vilarrasa.com\/wp-content\/uploads\/2023\/01\/tendencias-sector-textil-2023.jpg","articleSection":["tend\u00e8ncies"],"inLanguage":"ca"},{"@type":"Person","@id":"https:\/\/vilarrasa.com\/#\/schema\/person\/dbb2c0e50b86501b7b1661c9eabbbade","name":"mkting04","image":{"@type":"ImageObject","inLanguage":"ca","@id":"https:\/\/vilarrasa.com\/#\/schema\/person\/image\/","url":"https:\/\/secure.gravatar.com\/avatar\/4a2f9f47483c84967d982cc323aede7a?s=96&d=mm&r=g","contentUrl":"https:\/\/secure.gravatar.com\/avatar\/4a2f9f47483c84967d982cc323aede7a?s=96&d=mm&r=g","caption":"mkting04"}}]}},"_links":{"self":[{"href":"https:\/\/vilarrasa.com\/ca\/wp-json\/wp\/v2\/posts\/4045"}],"collection":[{"href":"https:\/\/vilarrasa.com\/ca\/wp-json\/wp\/v2\/posts"}],"about":[{"href":"https:\/\/vilarrasa.com\/ca\/wp-json\/wp\/v2\/types\/post"}],"author":[{"embeddable":true,"href":"https:\/\/vilarrasa.com\/ca\/wp-json\/wp\/v2\/users\/8"}],"replies":[{"embeddable":true,"href":"https:\/\/vilarrasa.com\/ca\/wp-json\/wp\/v2\/comments?post=4045"}],"version-history":[{"count":4,"href":"https:\/\/vilarrasa.com\/ca\/wp-json\/wp\/v2\/posts\/4045\/revisions"}],"predecessor-version":[{"id":6396,"href":"https:\/\/vilarrasa.com\/ca\/wp-json\/wp\/v2\/posts\/4045\/revisions\/6396"}],"wp:featuredmedia":[{"embeddable":true,"href":"https:\/\/vilarrasa.com\/ca\/wp-json\/wp\/v2\/media\/4038"}],"wp:attachment":[{"href":"https:\/\/vilarrasa.com\/ca\/wp-json\/wp\/v2\/media?parent=4045"}],"wp:term":[{"taxonomy":"category","embeddable":true,"href":"https:\/\/vilarrasa.com\/ca\/wp-json\/wp\/v2\/categories?post=4045"},{"taxonomy":"post_tag","embeddable":true,"href":"https:\/\/vilarrasa.com\/ca\/wp-json\/wp\/v2\/tags?post=4045"}],"curies":[{"name":"wp","href":"https:\/\/api.w.org\/{rel}","templated":true}]}}