{"id":4080,"date":"2023-01-20T09:58:50","date_gmt":"2023-01-20T08:58:50","guid":{"rendered":"https:\/\/vilarrasa.com\/que-cal-tenir-en-compte-en-fabricar-fil-reciclat-post-consumer\/"},"modified":"2023-06-23T16:29:46","modified_gmt":"2023-06-23T14:29:46","slug":"que-cal-tenir-en-compte-en-fabricar-fil-reciclat-post-consumer","status":"publish","type":"post","link":"https:\/\/vilarrasa.com\/ca\/que-cal-tenir-en-compte-en-fabricar-fil-reciclat-post-consumer\/","title":{"rendered":"Qu\u00e8 cal tenir en compte en fabricar fil reciclat post-consumer?"},"content":{"rendered":"\n<p class=\"has-nv-dark-bg-color has-text-color\">Fins fa poc, la fase de fi de vida de les peces no s&#8217;ha tingut en compte en el disseny de la roba. Els productes es dissenyaven per a complir amb caracter\u00edstiques est\u00e8tiques i funcionals, per aquesta mateixa ra\u00f3, dificultaven la separaci\u00f3 al final de la vida \u00fatil d&#8217;aquestes peces i el reciclatge d&#8217;aquestes.<\/p>\n\n<h2 class=\"has-neve-link-color-color has-text-color\"><strong>La import\u00e0ncia del disseny de productes amb residus t\u00e8xtils<\/strong><\/h2>\n\n<p class=\"has-nv-dark-bg-color has-text-color\">El repte del disseny sempre ha estat una de les principals barreres per a poder aconseguir una cadena de subministrament circular. Avui dia, encara existeixen moltes limitacions a l&#8217;hora de dissenyar productes amb residus t\u00e8xtils. Per aix\u00f2, les empreses han donat un gir en el que implica el disseny del producte, perqu\u00e8 el producte final pugui realitzar-se amb fibres reciclades, per tant fent \u00fas de fil reciclat, sent m\u00e9s flexibles en la composici\u00f3 i disseny d&#8217;aquest.<\/p>\n\n<h2 class=\"has-neve-link-color-color has-text-color\"><strong>Classificaci\u00f3 de mat\u00e8ria post-consumer\u00a0per a la fabricaci\u00f3 de fil reciclat<\/strong><\/h2>\n\n<p class=\"has-nv-dark-bg-color has-text-color\">Tamb\u00e9 existeix una falta de conscienciaci\u00f3 sobre la import\u00e0ncia d&#8217;una correcta separaci\u00f3 i classificaci\u00f3 de les peces. Per poder garantir una bona qualitat de fibres triturades, \u00e9s important que existeixi una bona classificaci\u00f3 de mat\u00e8ria post-consumer.&#13;\nA Vilarrasa, gr\u00e0cies a la cont\u00ednua innovaci\u00f3 en la tecnologia i l&#8217;experi\u00e8ncia adquirida al llarg dels anys en concepte de fibres reciclades, ens ha perm\u00e8s ser capa\u00e7os de liderar projectes amb un elevat percentatge de fibra post-consumer.<\/p>\n\n<p class=\"has-nv-dark-bg-color has-text-color\">Aconseguint d&#8217;aquesta manera, un fil reciclat post-consumer amb un acabat de gran qualitat per complir amb les necessitats de totes les aplicacions a les quals aquests fils estan destinats.<\/p>\n","protected":false},"excerpt":{"rendered":"<p>Fins fa poc, la fase de fi de vida de les peces no s&#8217;ha tingut en compte en el disseny de la roba. Els productes es dissenyaven per a complir amb caracter\u00edstiques est\u00e8tiques i funcionals, per aquesta mateixa ra\u00f3, dificultaven la separaci\u00f3 al final de la vida \u00fatil d&#8217;aquestes peces i el reciclatge d&#8217;aquestes. La&hellip;&nbsp;<a href=\"https:\/\/vilarrasa.com\/ca\/que-cal-tenir-en-compte-en-fabricar-fil-reciclat-post-consumer\/\" class=\"\" rel=\"bookmark\">Read More &raquo;<span class=\"screen-reader-text\">Qu\u00e8 cal tenir en compte en fabricar fil reciclat post-consumer?<\/span><\/a><\/p>\n","protected":false},"author":8,"featured_media":4075,"comment_status":"closed","ping_status":"open","sticky":false,"template":"","format":"standard","meta":{"content-type":"","neve_meta_sidebar":"","neve_meta_container":"","neve_meta_enable_content_width":"","neve_meta_content_width":0,"neve_meta_title_alignment":"","neve_meta_author_avatar":"","neve_post_elements_order":"","neve_meta_disable_header":"","neve_meta_disable_footer":"","neve_meta_disable_title":"","neve_meta_reading_time":""},"categories":[35],"tags":[],"yoast_head":"<!-- This site is optimized with the Yoast SEO plugin v18.8 - https:\/\/yoast.com\/wordpress\/plugins\/seo\/ -->\n<title>Qu\u00e8 cal tenir en compte en fabricar fil reciclat post-consumer? - Vilarrasa<\/title>\n<meta name=\"description\" content=\"Les empreses han donat un gir en el disseny, perqu\u00e8 el producte final pugui realitzar-se amb fibres reciclades, sent m\u00e9s flexibles\" \/>\n<meta name=\"robots\" content=\"index, follow, max-snippet:-1, max-image-preview:large, max-video-preview:-1\" \/>\n<link rel=\"canonical\" href=\"https:\/\/vilarrasa.com\/ca\/que-cal-tenir-en-compte-en-fabricar-fil-reciclat-post-consumer\/\" \/>\n<meta property=\"og:locale\" content=\"ca_ES\" \/>\n<meta property=\"og:type\" content=\"article\" \/>\n<meta property=\"og:title\" content=\"Qu\u00e8 cal tenir en compte en fabricar fil reciclat post-consumer? - Vilarrasa\" \/>\n<meta property=\"og:description\" content=\"Les empreses han donat un gir en el disseny, perqu\u00e8 el producte final pugui realitzar-se amb fibres reciclades, sent m\u00e9s flexibles\" \/>\n<meta property=\"og:url\" content=\"https:\/\/vilarrasa.com\/ca\/que-cal-tenir-en-compte-en-fabricar-fil-reciclat-post-consumer\/\" \/>\n<meta property=\"og:site_name\" content=\"Vilarrasa\" \/>\n<meta property=\"article:published_time\" content=\"2023-01-20T08:58:50+00:00\" \/>\n<meta property=\"article:modified_time\" content=\"2023-06-23T14:29:46+00:00\" \/>\n<meta property=\"og:image\" content=\"https:\/\/vilarrasa.com\/wp-content\/uploads\/2023\/01\/Imatges-destacades-blog-2.png\" \/>\n\t<meta property=\"og:image:width\" content=\"930\" \/>\n\t<meta property=\"og:image:height\" content=\"600\" \/>\n\t<meta property=\"og:image:type\" content=\"image\/png\" \/>\n<meta name=\"twitter:card\" content=\"summary_large_image\" \/>\n<meta name=\"twitter:label1\" content=\"Escrit per\" \/>\n\t<meta name=\"twitter:data1\" content=\"mkting04\" \/>\n\t<meta name=\"twitter:label2\" content=\"Temps estimat de lectura\" \/>\n\t<meta name=\"twitter:data2\" content=\"1 minut\" \/>\n<script type=\"application\/ld+json\" class=\"yoast-schema-graph\">{\"@context\":\"https:\/\/schema.org\",\"@graph\":[{\"@type\":\"Organization\",\"@id\":\"https:\/\/vilarrasa.com\/#organization\",\"name\":\"S.Vilarrasa\",\"url\":\"https:\/\/vilarrasa.com\/\",\"sameAs\":[],\"logo\":{\"@type\":\"ImageObject\",\"inLanguage\":\"ca\",\"@id\":\"https:\/\/vilarrasa.com\/#\/schema\/logo\/image\/\",\"url\":\"https:\/\/vilarrasa.com\/wp-content\/uploads\/2020\/06\/logo_vilarr.png\",\"contentUrl\":\"https:\/\/vilarrasa.com\/wp-content\/uploads\/2020\/06\/logo_vilarr.png\",\"width\":885,\"height\":206,\"caption\":\"S.Vilarrasa\"},\"image\":{\"@id\":\"https:\/\/vilarrasa.com\/#\/schema\/logo\/image\/\"}},{\"@type\":\"WebSite\",\"@id\":\"https:\/\/vilarrasa.com\/#website\",\"url\":\"https:\/\/vilarrasa.com\/\",\"name\":\"Vilarrasa\",\"description\":\"Hilos reciclados de alta calidad\",\"publisher\":{\"@id\":\"https:\/\/vilarrasa.com\/#organization\"},\"potentialAction\":[{\"@type\":\"SearchAction\",\"target\":{\"@type\":\"EntryPoint\",\"urlTemplate\":\"https:\/\/vilarrasa.com\/?s={search_term_string}\"},\"query-input\":\"required name=search_term_string\"}],\"inLanguage\":\"ca\"},{\"@type\":\"ImageObject\",\"inLanguage\":\"ca\",\"@id\":\"https:\/\/vilarrasa.com\/ca\/que-cal-tenir-en-compte-en-fabricar-fil-reciclat-post-consumer\/#primaryimage\",\"url\":\"https:\/\/vilarrasa.com\/wp-content\/uploads\/2023\/01\/Imatges-destacades-blog-2.png\",\"contentUrl\":\"https:\/\/vilarrasa.com\/wp-content\/uploads\/2023\/01\/Imatges-destacades-blog-2.png\",\"width\":930,\"height\":600},{\"@type\":[\"WebPage\",\"ItemPage\"],\"@id\":\"https:\/\/vilarrasa.com\/ca\/que-cal-tenir-en-compte-en-fabricar-fil-reciclat-post-consumer\/#webpage\",\"url\":\"https:\/\/vilarrasa.com\/ca\/que-cal-tenir-en-compte-en-fabricar-fil-reciclat-post-consumer\/\",\"name\":\"Qu\u00e8 cal tenir en compte en fabricar fil reciclat post-consumer? - Vilarrasa\",\"isPartOf\":{\"@id\":\"https:\/\/vilarrasa.com\/#website\"},\"primaryImageOfPage\":{\"@id\":\"https:\/\/vilarrasa.com\/ca\/que-cal-tenir-en-compte-en-fabricar-fil-reciclat-post-consumer\/#primaryimage\"},\"datePublished\":\"2023-01-20T08:58:50+00:00\",\"dateModified\":\"2023-06-23T14:29:46+00:00\",\"description\":\"Les empreses han donat un gir en el disseny, perqu\u00e8 el producte final pugui realitzar-se amb fibres reciclades, sent m\u00e9s flexibles\",\"breadcrumb\":{\"@id\":\"https:\/\/vilarrasa.com\/ca\/que-cal-tenir-en-compte-en-fabricar-fil-reciclat-post-consumer\/#breadcrumb\"},\"inLanguage\":\"ca\",\"potentialAction\":[{\"@type\":\"ReadAction\",\"target\":[\"https:\/\/vilarrasa.com\/ca\/que-cal-tenir-en-compte-en-fabricar-fil-reciclat-post-consumer\/\"]}]},{\"@type\":\"BreadcrumbList\",\"@id\":\"https:\/\/vilarrasa.com\/ca\/que-cal-tenir-en-compte-en-fabricar-fil-reciclat-post-consumer\/#breadcrumb\",\"itemListElement\":[{\"@type\":\"ListItem\",\"position\":1,\"name\":\"Home\",\"item\":\"https:\/\/vilarrasa.com\/\"},{\"@type\":\"ListItem\",\"position\":2,\"name\":\"Qu\u00e8 cal tenir en compte en fabricar fil reciclat post-consumer?\"}]},{\"@type\":[\"Article\",\"BlogPosting\"],\"@id\":\"https:\/\/vilarrasa.com\/ca\/que-cal-tenir-en-compte-en-fabricar-fil-reciclat-post-consumer\/#article\",\"isPartOf\":{\"@id\":\"https:\/\/vilarrasa.com\/ca\/que-cal-tenir-en-compte-en-fabricar-fil-reciclat-post-consumer\/#webpage\"},\"author\":{\"@id\":\"https:\/\/vilarrasa.com\/#\/schema\/person\/dbb2c0e50b86501b7b1661c9eabbbade\"},\"headline\":\"Qu\u00e8 cal tenir en compte en fabricar fil reciclat post-consumer?\",\"datePublished\":\"2023-01-20T08:58:50+00:00\",\"dateModified\":\"2023-06-23T14:29:46+00:00\",\"mainEntityOfPage\":{\"@id\":\"https:\/\/vilarrasa.com\/ca\/que-cal-tenir-en-compte-en-fabricar-fil-reciclat-post-consumer\/#webpage\"},\"wordCount\":276,\"publisher\":{\"@id\":\"https:\/\/vilarrasa.com\/#organization\"},\"image\":{\"@id\":\"https:\/\/vilarrasa.com\/ca\/que-cal-tenir-en-compte-en-fabricar-fil-reciclat-post-consumer\/#primaryimage\"},\"thumbnailUrl\":\"https:\/\/vilarrasa.com\/wp-content\/uploads\/2023\/01\/Imatges-destacades-blog-2.png\",\"articleSection\":[\"Post-consumer\"],\"inLanguage\":\"ca\"},{\"@type\":\"Person\",\"@id\":\"https:\/\/vilarrasa.com\/#\/schema\/person\/dbb2c0e50b86501b7b1661c9eabbbade\",\"name\":\"mkting04\",\"image\":{\"@type\":\"ImageObject\",\"inLanguage\":\"ca\",\"@id\":\"https:\/\/vilarrasa.com\/#\/schema\/person\/image\/\",\"url\":\"https:\/\/secure.gravatar.com\/avatar\/4a2f9f47483c84967d982cc323aede7a?s=96&d=mm&r=g\",\"contentUrl\":\"https:\/\/secure.gravatar.com\/avatar\/4a2f9f47483c84967d982cc323aede7a?s=96&d=mm&r=g\",\"caption\":\"mkting04\"}}]}<\/script>\n<!-- \/ Yoast SEO plugin. -->","yoast_head_json":{"title":"Qu\u00e8 cal tenir en compte en fabricar fil reciclat post-consumer? - Vilarrasa","description":"Les empreses han donat un gir en el disseny, perqu\u00e8 el producte final pugui realitzar-se amb fibres reciclades, sent m\u00e9s flexibles","robots":{"index":"index","follow":"follow","max-snippet":"max-snippet:-1","max-image-preview":"max-image-preview:large","max-video-preview":"max-video-preview:-1"},"canonical":"https:\/\/vilarrasa.com\/ca\/que-cal-tenir-en-compte-en-fabricar-fil-reciclat-post-consumer\/","og_locale":"ca_ES","og_type":"article","og_title":"Qu\u00e8 cal tenir en compte en fabricar fil reciclat post-consumer? - Vilarrasa","og_description":"Les empreses han donat un gir en el disseny, perqu\u00e8 el producte final pugui realitzar-se amb fibres reciclades, sent m\u00e9s flexibles","og_url":"https:\/\/vilarrasa.com\/ca\/que-cal-tenir-en-compte-en-fabricar-fil-reciclat-post-consumer\/","og_site_name":"Vilarrasa","article_published_time":"2023-01-20T08:58:50+00:00","article_modified_time":"2023-06-23T14:29:46+00:00","og_image":[{"width":930,"height":600,"url":"https:\/\/vilarrasa.com\/wp-content\/uploads\/2023\/01\/Imatges-destacades-blog-2.png","type":"image\/png"}],"twitter_card":"summary_large_image","twitter_misc":{"Escrit per":"mkting04","Temps estimat de lectura":"1 minut"},"schema":{"@context":"https:\/\/schema.org","@graph":[{"@type":"Organization","@id":"https:\/\/vilarrasa.com\/#organization","name":"S.Vilarrasa","url":"https:\/\/vilarrasa.com\/","sameAs":[],"logo":{"@type":"ImageObject","inLanguage":"ca","@id":"https:\/\/vilarrasa.com\/#\/schema\/logo\/image\/","url":"https:\/\/vilarrasa.com\/wp-content\/uploads\/2020\/06\/logo_vilarr.png","contentUrl":"https:\/\/vilarrasa.com\/wp-content\/uploads\/2020\/06\/logo_vilarr.png","width":885,"height":206,"caption":"S.Vilarrasa"},"image":{"@id":"https:\/\/vilarrasa.com\/#\/schema\/logo\/image\/"}},{"@type":"WebSite","@id":"https:\/\/vilarrasa.com\/#website","url":"https:\/\/vilarrasa.com\/","name":"Vilarrasa","description":"Hilos reciclados de alta calidad","publisher":{"@id":"https:\/\/vilarrasa.com\/#organization"},"potentialAction":[{"@type":"SearchAction","target":{"@type":"EntryPoint","urlTemplate":"https:\/\/vilarrasa.com\/?s={search_term_string}"},"query-input":"required name=search_term_string"}],"inLanguage":"ca"},{"@type":"ImageObject","inLanguage":"ca","@id":"https:\/\/vilarrasa.com\/ca\/que-cal-tenir-en-compte-en-fabricar-fil-reciclat-post-consumer\/#primaryimage","url":"https:\/\/vilarrasa.com\/wp-content\/uploads\/2023\/01\/Imatges-destacades-blog-2.png","contentUrl":"https:\/\/vilarrasa.com\/wp-content\/uploads\/2023\/01\/Imatges-destacades-blog-2.png","width":930,"height":600},{"@type":["WebPage","ItemPage"],"@id":"https:\/\/vilarrasa.com\/ca\/que-cal-tenir-en-compte-en-fabricar-fil-reciclat-post-consumer\/#webpage","url":"https:\/\/vilarrasa.com\/ca\/que-cal-tenir-en-compte-en-fabricar-fil-reciclat-post-consumer\/","name":"Qu\u00e8 cal tenir en compte en fabricar fil reciclat post-consumer? - Vilarrasa","isPartOf":{"@id":"https:\/\/vilarrasa.com\/#website"},"primaryImageOfPage":{"@id":"https:\/\/vilarrasa.com\/ca\/que-cal-tenir-en-compte-en-fabricar-fil-reciclat-post-consumer\/#primaryimage"},"datePublished":"2023-01-20T08:58:50+00:00","dateModified":"2023-06-23T14:29:46+00:00","description":"Les empreses han donat un gir en el disseny, perqu\u00e8 el producte final pugui realitzar-se amb fibres reciclades, sent m\u00e9s flexibles","breadcrumb":{"@id":"https:\/\/vilarrasa.com\/ca\/que-cal-tenir-en-compte-en-fabricar-fil-reciclat-post-consumer\/#breadcrumb"},"inLanguage":"ca","potentialAction":[{"@type":"ReadAction","target":["https:\/\/vilarrasa.com\/ca\/que-cal-tenir-en-compte-en-fabricar-fil-reciclat-post-consumer\/"]}]},{"@type":"BreadcrumbList","@id":"https:\/\/vilarrasa.com\/ca\/que-cal-tenir-en-compte-en-fabricar-fil-reciclat-post-consumer\/#breadcrumb","itemListElement":[{"@type":"ListItem","position":1,"name":"Home","item":"https:\/\/vilarrasa.com\/"},{"@type":"ListItem","position":2,"name":"Qu\u00e8 cal tenir en compte en fabricar fil reciclat post-consumer?"}]},{"@type":["Article","BlogPosting"],"@id":"https:\/\/vilarrasa.com\/ca\/que-cal-tenir-en-compte-en-fabricar-fil-reciclat-post-consumer\/#article","isPartOf":{"@id":"https:\/\/vilarrasa.com\/ca\/que-cal-tenir-en-compte-en-fabricar-fil-reciclat-post-consumer\/#webpage"},"author":{"@id":"https:\/\/vilarrasa.com\/#\/schema\/person\/dbb2c0e50b86501b7b1661c9eabbbade"},"headline":"Qu\u00e8 cal tenir en compte en fabricar fil reciclat post-consumer?","datePublished":"2023-01-20T08:58:50+00:00","dateModified":"2023-06-23T14:29:46+00:00","mainEntityOfPage":{"@id":"https:\/\/vilarrasa.com\/ca\/que-cal-tenir-en-compte-en-fabricar-fil-reciclat-post-consumer\/#webpage"},"wordCount":276,"publisher":{"@id":"https:\/\/vilarrasa.com\/#organization"},"image":{"@id":"https:\/\/vilarrasa.com\/ca\/que-cal-tenir-en-compte-en-fabricar-fil-reciclat-post-consumer\/#primaryimage"},"thumbnailUrl":"https:\/\/vilarrasa.com\/wp-content\/uploads\/2023\/01\/Imatges-destacades-blog-2.png","articleSection":["Post-consumer"],"inLanguage":"ca"},{"@type":"Person","@id":"https:\/\/vilarrasa.com\/#\/schema\/person\/dbb2c0e50b86501b7b1661c9eabbbade","name":"mkting04","image":{"@type":"ImageObject","inLanguage":"ca","@id":"https:\/\/vilarrasa.com\/#\/schema\/person\/image\/","url":"https:\/\/secure.gravatar.com\/avatar\/4a2f9f47483c84967d982cc323aede7a?s=96&d=mm&r=g","contentUrl":"https:\/\/secure.gravatar.com\/avatar\/4a2f9f47483c84967d982cc323aede7a?s=96&d=mm&r=g","caption":"mkting04"}}]}},"_links":{"self":[{"href":"https:\/\/vilarrasa.com\/ca\/wp-json\/wp\/v2\/posts\/4080"}],"collection":[{"href":"https:\/\/vilarrasa.com\/ca\/wp-json\/wp\/v2\/posts"}],"about":[{"href":"https:\/\/vilarrasa.com\/ca\/wp-json\/wp\/v2\/types\/post"}],"author":[{"embeddable":true,"href":"https:\/\/vilarrasa.com\/ca\/wp-json\/wp\/v2\/users\/8"}],"replies":[{"embeddable":true,"href":"https:\/\/vilarrasa.com\/ca\/wp-json\/wp\/v2\/comments?post=4080"}],"version-history":[{"count":1,"href":"https:\/\/vilarrasa.com\/ca\/wp-json\/wp\/v2\/posts\/4080\/revisions"}],"predecessor-version":[{"id":4081,"href":"https:\/\/vilarrasa.com\/ca\/wp-json\/wp\/v2\/posts\/4080\/revisions\/4081"}],"wp:featuredmedia":[{"embeddable":true,"href":"https:\/\/vilarrasa.com\/ca\/wp-json\/wp\/v2\/media\/4075"}],"wp:attachment":[{"href":"https:\/\/vilarrasa.com\/ca\/wp-json\/wp\/v2\/media?parent=4080"}],"wp:term":[{"taxonomy":"category","embeddable":true,"href":"https:\/\/vilarrasa.com\/ca\/wp-json\/wp\/v2\/categories?post=4080"},{"taxonomy":"post_tag","embeddable":true,"href":"https:\/\/vilarrasa.com\/ca\/wp-json\/wp\/v2\/tags?post=4080"}],"curies":[{"name":"wp","href":"https:\/\/api.w.org\/{rel}","templated":true}]}}