{"id":4573,"date":"2023-02-13T13:44:16","date_gmt":"2023-02-13T12:44:16","guid":{"rendered":"https:\/\/vilarrasa.com\/fil-reciclat-pre-consumer-un-cami-cap-a-la-sostenibilitat\/"},"modified":"2023-06-23T17:03:08","modified_gmt":"2023-06-23T15:03:08","slug":"fil-reciclat-pre-consumer-un-cami-cap-a-la-sostenibilitat","status":"publish","type":"post","link":"https:\/\/vilarrasa.com\/ca\/fil-reciclat-pre-consumer-un-cami-cap-a-la-sostenibilitat\/","title":{"rendered":"Fil reciclat pre-consumer, un cam\u00ed cap a la sostenibilitat"},"content":{"rendered":"\n<p class=\"has-nv-dark-bg-color has-text-color\">El concepte de sostenibilitat ambiental es basa en la utilitzaci\u00f3 dels recursos naturals de manera que es permeti satisfer les necessitats de les generacions presents, sense comprometre les possibilitats de les generacions futures per a atendre les seves necessitats. Des d&#8217;aquest punt de vista \u00e9s clar que la utilitzaci\u00f3 de fil reciclat pre-consumer \u00e9s un factor que contribueix positivament en la cerca de la sostenibilitat ambiental.<\/p>\n\n<h2 class=\"has-neve-link-color-color has-text-color\"> Donar una segona vida als t\u00e8xtils<\/h2>\n\n<p class=\"has-nv-dark-bg-color has-text-color\">Com ja hem comentat en anteriors publicacions, <a href=\"https:\/\/vilarrasa.com\/ca\/tipus-de-materia-primera-reciclada-per-fabricar-fil\/\">la mat\u00e8ria primera pre-consumer<\/a> que utilitzem en Vilarrasa per a fabricar fil reciclat pre-consumer prov\u00e9 majorit\u00e0riament del residu t\u00e8xtil generat principalment en la confecci\u00f3 dels teixits. Qu\u00e8 hauria passat amb aquest residu d&#8217;haver estat reutilitzat?<\/p>\n\n<p class=\"has-nv-dark-bg-color has-text-color\">El m\u00e9s probable \u00e9s que haguessin acabat sent abocats en qualsevol escombriaire o cremats en alguna planta incineradora, en qualsevol dels dos casos l&#8217;impacte hauria estat negatiu per al medi ambient.<\/p>\n\n<h2 class=\"has-neve-link-color-color has-text-color\"> Utilitzar els residus pre-consumer per a ser m\u00e9s sostenibles<\/h2>\n\n<p class=\"has-nv-dark-bg-color has-text-color\">\u00c9s important recordar que la crema de residus t\u00e8xtils genera m\u00e9s di\u00f2xid de carboni que la crema de carb\u00f3, es calcula per cada quilo de residu cremat es generen 1,36 kg de CO\u2082 per\u00a0Mwh.&#13;\nEn el cas d&#8217;haver estat abocats en escombriaires, la seva degradaci\u00f3 hauria estat lenta, sent d&#8217;aproximadament un any per a les fibres 100% cot\u00f3 i de 20 a 200 anys per a les fibres de poli\u00e8ster. Al llarg de tot el proc\u00e9s de degradaci\u00f3 s&#8217;eliminen gran quantitat de gasos, com el met\u00e0, els quals contribueixen fortament en l&#8217;efecte d&#8217;hivernacle.<\/p>\n\n<h2 class=\"has-neve-link-color-color has-text-color\">Fabricaci\u00f3 de nou fil reciclat pre-consumer<\/h2>\n\n<p class=\"has-nv-dark-bg-color has-text-color\">D&#8217;altra banda, haur\u00edem de tenir en compte que en utilitzar mat\u00e8ria primera reciclada, no consumim recursos naturals. Per cada quilo de cot\u00f3 reciclat utilitzat, evitem consumir uns 10.000 litres d&#8217;aigua, que \u00e9s el que s&#8217;estima es consumeix en el cultiu d&#8217;un quilo de cot\u00f3 verge. Sumat a aix\u00f2, haur\u00edem de recordar que el cultiu de cot\u00f3 \u00e9s el que utilitza m\u00e9s qu\u00edmics per al seu cultiu, contribuint amb el 23% de tots els insecticides i 10% de tots els pesticides que es consumeixen en el planeta.<\/p>\n\n<p class=\"has-nv-dark-bg-color has-text-color\">En Vilarrasa creiem fermament que la utilitzaci\u00f3 del fil reciclat pre-consumer \u00e9s un bon cam\u00ed cap a la sostenibilitat i la cura del medi ambient.<\/p>\n","protected":false},"excerpt":{"rendered":"<p>El concepte de sostenibilitat ambiental es basa en la utilitzaci\u00f3 dels recursos naturals de manera que es permeti satisfer les necessitats de les generacions presents, sense comprometre les possibilitats de les generacions futures per a atendre les seves necessitats. Des d&#8217;aquest punt de vista \u00e9s clar que la utilitzaci\u00f3 de fil reciclat pre-consumer \u00e9s un&hellip;&nbsp;<a href=\"https:\/\/vilarrasa.com\/ca\/fil-reciclat-pre-consumer-un-cami-cap-a-la-sostenibilitat\/\" class=\"\" rel=\"bookmark\">Read More &raquo;<span class=\"screen-reader-text\">Fil reciclat pre-consumer, un cam\u00ed cap a la sostenibilitat<\/span><\/a><\/p>\n","protected":false},"author":8,"featured_media":4568,"comment_status":"closed","ping_status":"open","sticky":false,"template":"","format":"standard","meta":{"content-type":"","neve_meta_sidebar":"","neve_meta_container":"","neve_meta_enable_content_width":"","neve_meta_content_width":0,"neve_meta_title_alignment":"","neve_meta_author_avatar":"","neve_post_elements_order":"","neve_meta_disable_header":"","neve_meta_disable_footer":"","neve_meta_disable_title":"","neve_meta_reading_time":""},"categories":[57],"tags":[],"yoast_head":"<!-- This site is optimized with the Yoast SEO plugin v18.8 - https:\/\/yoast.com\/wordpress\/plugins\/seo\/ -->\n<title>Fil reciclat pre-consumer, un cam\u00ed cap a la sostenibilitat - Vilarrasa<\/title>\n<meta name=\"description\" content=\"L&#039;\u00fas de fil reciclat pre-consumer \u00e9s un factor que contribueix positivament en la cerca de la sostenibilitat.\" \/>\n<meta name=\"robots\" content=\"index, follow, max-snippet:-1, max-image-preview:large, max-video-preview:-1\" \/>\n<link rel=\"canonical\" href=\"https:\/\/vilarrasa.com\/ca\/fil-reciclat-pre-consumer-un-cami-cap-a-la-sostenibilitat\/\" \/>\n<meta property=\"og:locale\" content=\"ca_ES\" \/>\n<meta property=\"og:type\" content=\"article\" \/>\n<meta property=\"og:title\" content=\"Fil reciclat pre-consumer, un cam\u00ed cap a la sostenibilitat - Vilarrasa\" \/>\n<meta property=\"og:description\" content=\"L&#039;\u00fas de fil reciclat pre-consumer \u00e9s un factor que contribueix positivament en la cerca de la sostenibilitat.\" \/>\n<meta property=\"og:url\" content=\"https:\/\/vilarrasa.com\/ca\/fil-reciclat-pre-consumer-un-cami-cap-a-la-sostenibilitat\/\" \/>\n<meta property=\"og:site_name\" content=\"Vilarrasa\" \/>\n<meta property=\"article:published_time\" content=\"2023-02-13T12:44:16+00:00\" \/>\n<meta property=\"article:modified_time\" content=\"2023-06-23T15:03:08+00:00\" \/>\n<meta property=\"og:image\" content=\"https:\/\/vilarrasa.com\/wp-content\/uploads\/2023\/02\/Imatges-destacades-blog.png\" \/>\n\t<meta property=\"og:image:width\" content=\"930\" \/>\n\t<meta property=\"og:image:height\" content=\"600\" \/>\n\t<meta property=\"og:image:type\" content=\"image\/png\" \/>\n<meta name=\"twitter:card\" content=\"summary_large_image\" \/>\n<meta name=\"twitter:label1\" content=\"Escrit per\" \/>\n\t<meta name=\"twitter:data1\" content=\"mkting04\" \/>\n\t<meta name=\"twitter:label2\" content=\"Temps estimat de lectura\" \/>\n\t<meta name=\"twitter:data2\" content=\"2 minuts\" \/>\n<script type=\"application\/ld+json\" class=\"yoast-schema-graph\">{\"@context\":\"https:\/\/schema.org\",\"@graph\":[{\"@type\":\"Organization\",\"@id\":\"https:\/\/vilarrasa.com\/#organization\",\"name\":\"S.Vilarrasa\",\"url\":\"https:\/\/vilarrasa.com\/\",\"sameAs\":[],\"logo\":{\"@type\":\"ImageObject\",\"inLanguage\":\"ca\",\"@id\":\"https:\/\/vilarrasa.com\/#\/schema\/logo\/image\/\",\"url\":\"https:\/\/vilarrasa.com\/wp-content\/uploads\/2020\/06\/logo_vilarr.png\",\"contentUrl\":\"https:\/\/vilarrasa.com\/wp-content\/uploads\/2020\/06\/logo_vilarr.png\",\"width\":885,\"height\":206,\"caption\":\"S.Vilarrasa\"},\"image\":{\"@id\":\"https:\/\/vilarrasa.com\/#\/schema\/logo\/image\/\"}},{\"@type\":\"WebSite\",\"@id\":\"https:\/\/vilarrasa.com\/#website\",\"url\":\"https:\/\/vilarrasa.com\/\",\"name\":\"Vilarrasa\",\"description\":\"Hilos reciclados de alta calidad\",\"publisher\":{\"@id\":\"https:\/\/vilarrasa.com\/#organization\"},\"potentialAction\":[{\"@type\":\"SearchAction\",\"target\":{\"@type\":\"EntryPoint\",\"urlTemplate\":\"https:\/\/vilarrasa.com\/?s={search_term_string}\"},\"query-input\":\"required name=search_term_string\"}],\"inLanguage\":\"ca\"},{\"@type\":\"ImageObject\",\"inLanguage\":\"ca\",\"@id\":\"https:\/\/vilarrasa.com\/ca\/fil-reciclat-pre-consumer-un-cami-cap-a-la-sostenibilitat\/#primaryimage\",\"url\":\"https:\/\/vilarrasa.com\/wp-content\/uploads\/2023\/02\/Imatges-destacades-blog.png\",\"contentUrl\":\"https:\/\/vilarrasa.com\/wp-content\/uploads\/2023\/02\/Imatges-destacades-blog.png\",\"width\":930,\"height\":600},{\"@type\":[\"WebPage\",\"ItemPage\"],\"@id\":\"https:\/\/vilarrasa.com\/ca\/fil-reciclat-pre-consumer-un-cami-cap-a-la-sostenibilitat\/#webpage\",\"url\":\"https:\/\/vilarrasa.com\/ca\/fil-reciclat-pre-consumer-un-cami-cap-a-la-sostenibilitat\/\",\"name\":\"Fil reciclat pre-consumer, un cam\u00ed cap a la sostenibilitat - Vilarrasa\",\"isPartOf\":{\"@id\":\"https:\/\/vilarrasa.com\/#website\"},\"primaryImageOfPage\":{\"@id\":\"https:\/\/vilarrasa.com\/ca\/fil-reciclat-pre-consumer-un-cami-cap-a-la-sostenibilitat\/#primaryimage\"},\"datePublished\":\"2023-02-13T12:44:16+00:00\",\"dateModified\":\"2023-06-23T15:03:08+00:00\",\"description\":\"L'\u00fas de fil reciclat pre-consumer \u00e9s un factor que contribueix positivament en la cerca de la sostenibilitat.\",\"breadcrumb\":{\"@id\":\"https:\/\/vilarrasa.com\/ca\/fil-reciclat-pre-consumer-un-cami-cap-a-la-sostenibilitat\/#breadcrumb\"},\"inLanguage\":\"ca\",\"potentialAction\":[{\"@type\":\"ReadAction\",\"target\":[\"https:\/\/vilarrasa.com\/ca\/fil-reciclat-pre-consumer-un-cami-cap-a-la-sostenibilitat\/\"]}]},{\"@type\":\"BreadcrumbList\",\"@id\":\"https:\/\/vilarrasa.com\/ca\/fil-reciclat-pre-consumer-un-cami-cap-a-la-sostenibilitat\/#breadcrumb\",\"itemListElement\":[{\"@type\":\"ListItem\",\"position\":1,\"name\":\"Home\",\"item\":\"https:\/\/vilarrasa.com\/\"},{\"@type\":\"ListItem\",\"position\":2,\"name\":\"Fil reciclat pre-consumer, un cam\u00ed cap a la sostenibilitat\"}]},{\"@type\":[\"Article\",\"BlogPosting\"],\"@id\":\"https:\/\/vilarrasa.com\/ca\/fil-reciclat-pre-consumer-un-cami-cap-a-la-sostenibilitat\/#article\",\"isPartOf\":{\"@id\":\"https:\/\/vilarrasa.com\/ca\/fil-reciclat-pre-consumer-un-cami-cap-a-la-sostenibilitat\/#webpage\"},\"author\":{\"@id\":\"https:\/\/vilarrasa.com\/#\/schema\/person\/dbb2c0e50b86501b7b1661c9eabbbade\"},\"headline\":\"Fil reciclat pre-consumer, un cam\u00ed cap a la sostenibilitat\",\"datePublished\":\"2023-02-13T12:44:16+00:00\",\"dateModified\":\"2023-06-23T15:03:08+00:00\",\"mainEntityOfPage\":{\"@id\":\"https:\/\/vilarrasa.com\/ca\/fil-reciclat-pre-consumer-un-cami-cap-a-la-sostenibilitat\/#webpage\"},\"wordCount\":383,\"publisher\":{\"@id\":\"https:\/\/vilarrasa.com\/#organization\"},\"image\":{\"@id\":\"https:\/\/vilarrasa.com\/ca\/fil-reciclat-pre-consumer-un-cami-cap-a-la-sostenibilitat\/#primaryimage\"},\"thumbnailUrl\":\"https:\/\/vilarrasa.com\/wp-content\/uploads\/2023\/02\/Imatges-destacades-blog.png\",\"articleSection\":[\"pre-consumer\"],\"inLanguage\":\"ca\"},{\"@type\":\"Person\",\"@id\":\"https:\/\/vilarrasa.com\/#\/schema\/person\/dbb2c0e50b86501b7b1661c9eabbbade\",\"name\":\"mkting04\",\"image\":{\"@type\":\"ImageObject\",\"inLanguage\":\"ca\",\"@id\":\"https:\/\/vilarrasa.com\/#\/schema\/person\/image\/\",\"url\":\"https:\/\/secure.gravatar.com\/avatar\/4a2f9f47483c84967d982cc323aede7a?s=96&d=mm&r=g\",\"contentUrl\":\"https:\/\/secure.gravatar.com\/avatar\/4a2f9f47483c84967d982cc323aede7a?s=96&d=mm&r=g\",\"caption\":\"mkting04\"}}]}<\/script>\n<!-- \/ Yoast SEO plugin. -->","yoast_head_json":{"title":"Fil reciclat pre-consumer, un cam\u00ed cap a la sostenibilitat - Vilarrasa","description":"L'\u00fas de fil reciclat pre-consumer \u00e9s un factor que contribueix positivament en la cerca de la sostenibilitat.","robots":{"index":"index","follow":"follow","max-snippet":"max-snippet:-1","max-image-preview":"max-image-preview:large","max-video-preview":"max-video-preview:-1"},"canonical":"https:\/\/vilarrasa.com\/ca\/fil-reciclat-pre-consumer-un-cami-cap-a-la-sostenibilitat\/","og_locale":"ca_ES","og_type":"article","og_title":"Fil reciclat pre-consumer, un cam\u00ed cap a la sostenibilitat - Vilarrasa","og_description":"L'\u00fas de fil reciclat pre-consumer \u00e9s un factor que contribueix positivament en la cerca de la sostenibilitat.","og_url":"https:\/\/vilarrasa.com\/ca\/fil-reciclat-pre-consumer-un-cami-cap-a-la-sostenibilitat\/","og_site_name":"Vilarrasa","article_published_time":"2023-02-13T12:44:16+00:00","article_modified_time":"2023-06-23T15:03:08+00:00","og_image":[{"width":930,"height":600,"url":"https:\/\/vilarrasa.com\/wp-content\/uploads\/2023\/02\/Imatges-destacades-blog.png","type":"image\/png"}],"twitter_card":"summary_large_image","twitter_misc":{"Escrit per":"mkting04","Temps estimat de lectura":"2 minuts"},"schema":{"@context":"https:\/\/schema.org","@graph":[{"@type":"Organization","@id":"https:\/\/vilarrasa.com\/#organization","name":"S.Vilarrasa","url":"https:\/\/vilarrasa.com\/","sameAs":[],"logo":{"@type":"ImageObject","inLanguage":"ca","@id":"https:\/\/vilarrasa.com\/#\/schema\/logo\/image\/","url":"https:\/\/vilarrasa.com\/wp-content\/uploads\/2020\/06\/logo_vilarr.png","contentUrl":"https:\/\/vilarrasa.com\/wp-content\/uploads\/2020\/06\/logo_vilarr.png","width":885,"height":206,"caption":"S.Vilarrasa"},"image":{"@id":"https:\/\/vilarrasa.com\/#\/schema\/logo\/image\/"}},{"@type":"WebSite","@id":"https:\/\/vilarrasa.com\/#website","url":"https:\/\/vilarrasa.com\/","name":"Vilarrasa","description":"Hilos reciclados de alta calidad","publisher":{"@id":"https:\/\/vilarrasa.com\/#organization"},"potentialAction":[{"@type":"SearchAction","target":{"@type":"EntryPoint","urlTemplate":"https:\/\/vilarrasa.com\/?s={search_term_string}"},"query-input":"required name=search_term_string"}],"inLanguage":"ca"},{"@type":"ImageObject","inLanguage":"ca","@id":"https:\/\/vilarrasa.com\/ca\/fil-reciclat-pre-consumer-un-cami-cap-a-la-sostenibilitat\/#primaryimage","url":"https:\/\/vilarrasa.com\/wp-content\/uploads\/2023\/02\/Imatges-destacades-blog.png","contentUrl":"https:\/\/vilarrasa.com\/wp-content\/uploads\/2023\/02\/Imatges-destacades-blog.png","width":930,"height":600},{"@type":["WebPage","ItemPage"],"@id":"https:\/\/vilarrasa.com\/ca\/fil-reciclat-pre-consumer-un-cami-cap-a-la-sostenibilitat\/#webpage","url":"https:\/\/vilarrasa.com\/ca\/fil-reciclat-pre-consumer-un-cami-cap-a-la-sostenibilitat\/","name":"Fil reciclat pre-consumer, un cam\u00ed cap a la sostenibilitat - Vilarrasa","isPartOf":{"@id":"https:\/\/vilarrasa.com\/#website"},"primaryImageOfPage":{"@id":"https:\/\/vilarrasa.com\/ca\/fil-reciclat-pre-consumer-un-cami-cap-a-la-sostenibilitat\/#primaryimage"},"datePublished":"2023-02-13T12:44:16+00:00","dateModified":"2023-06-23T15:03:08+00:00","description":"L'\u00fas de fil reciclat pre-consumer \u00e9s un factor que contribueix positivament en la cerca de la sostenibilitat.","breadcrumb":{"@id":"https:\/\/vilarrasa.com\/ca\/fil-reciclat-pre-consumer-un-cami-cap-a-la-sostenibilitat\/#breadcrumb"},"inLanguage":"ca","potentialAction":[{"@type":"ReadAction","target":["https:\/\/vilarrasa.com\/ca\/fil-reciclat-pre-consumer-un-cami-cap-a-la-sostenibilitat\/"]}]},{"@type":"BreadcrumbList","@id":"https:\/\/vilarrasa.com\/ca\/fil-reciclat-pre-consumer-un-cami-cap-a-la-sostenibilitat\/#breadcrumb","itemListElement":[{"@type":"ListItem","position":1,"name":"Home","item":"https:\/\/vilarrasa.com\/"},{"@type":"ListItem","position":2,"name":"Fil reciclat pre-consumer, un cam\u00ed cap a la sostenibilitat"}]},{"@type":["Article","BlogPosting"],"@id":"https:\/\/vilarrasa.com\/ca\/fil-reciclat-pre-consumer-un-cami-cap-a-la-sostenibilitat\/#article","isPartOf":{"@id":"https:\/\/vilarrasa.com\/ca\/fil-reciclat-pre-consumer-un-cami-cap-a-la-sostenibilitat\/#webpage"},"author":{"@id":"https:\/\/vilarrasa.com\/#\/schema\/person\/dbb2c0e50b86501b7b1661c9eabbbade"},"headline":"Fil reciclat pre-consumer, un cam\u00ed cap a la sostenibilitat","datePublished":"2023-02-13T12:44:16+00:00","dateModified":"2023-06-23T15:03:08+00:00","mainEntityOfPage":{"@id":"https:\/\/vilarrasa.com\/ca\/fil-reciclat-pre-consumer-un-cami-cap-a-la-sostenibilitat\/#webpage"},"wordCount":383,"publisher":{"@id":"https:\/\/vilarrasa.com\/#organization"},"image":{"@id":"https:\/\/vilarrasa.com\/ca\/fil-reciclat-pre-consumer-un-cami-cap-a-la-sostenibilitat\/#primaryimage"},"thumbnailUrl":"https:\/\/vilarrasa.com\/wp-content\/uploads\/2023\/02\/Imatges-destacades-blog.png","articleSection":["pre-consumer"],"inLanguage":"ca"},{"@type":"Person","@id":"https:\/\/vilarrasa.com\/#\/schema\/person\/dbb2c0e50b86501b7b1661c9eabbbade","name":"mkting04","image":{"@type":"ImageObject","inLanguage":"ca","@id":"https:\/\/vilarrasa.com\/#\/schema\/person\/image\/","url":"https:\/\/secure.gravatar.com\/avatar\/4a2f9f47483c84967d982cc323aede7a?s=96&d=mm&r=g","contentUrl":"https:\/\/secure.gravatar.com\/avatar\/4a2f9f47483c84967d982cc323aede7a?s=96&d=mm&r=g","caption":"mkting04"}}]}},"_links":{"self":[{"href":"https:\/\/vilarrasa.com\/ca\/wp-json\/wp\/v2\/posts\/4573"}],"collection":[{"href":"https:\/\/vilarrasa.com\/ca\/wp-json\/wp\/v2\/posts"}],"about":[{"href":"https:\/\/vilarrasa.com\/ca\/wp-json\/wp\/v2\/types\/post"}],"author":[{"embeddable":true,"href":"https:\/\/vilarrasa.com\/ca\/wp-json\/wp\/v2\/users\/8"}],"replies":[{"embeddable":true,"href":"https:\/\/vilarrasa.com\/ca\/wp-json\/wp\/v2\/comments?post=4573"}],"version-history":[{"count":4,"href":"https:\/\/vilarrasa.com\/ca\/wp-json\/wp\/v2\/posts\/4573\/revisions"}],"predecessor-version":[{"id":4588,"href":"https:\/\/vilarrasa.com\/ca\/wp-json\/wp\/v2\/posts\/4573\/revisions\/4588"}],"wp:featuredmedia":[{"embeddable":true,"href":"https:\/\/vilarrasa.com\/ca\/wp-json\/wp\/v2\/media\/4568"}],"wp:attachment":[{"href":"https:\/\/vilarrasa.com\/ca\/wp-json\/wp\/v2\/media?parent=4573"}],"wp:term":[{"taxonomy":"category","embeddable":true,"href":"https:\/\/vilarrasa.com\/ca\/wp-json\/wp\/v2\/categories?post=4573"},{"taxonomy":"post_tag","embeddable":true,"href":"https:\/\/vilarrasa.com\/ca\/wp-json\/wp\/v2\/tags?post=4573"}],"curies":[{"name":"wp","href":"https:\/\/api.w.org\/{rel}","templated":true}]}}