{"id":5198,"date":"2023-03-06T12:38:38","date_gmt":"2023-03-06T11:38:38","guid":{"rendered":"https:\/\/vilarrasa.com\/energia-verda-un-proces-de-fabricacio-mes-sostenible\/"},"modified":"2023-06-23T17:02:44","modified_gmt":"2023-06-23T15:02:44","slug":"energia-verda-un-proces-de-fabricacio-mes-sostenible","status":"publish","type":"post","link":"https:\/\/vilarrasa.com\/ca\/energia-verda-un-proces-de-fabricacio-mes-sostenible\/","title":{"rendered":"Energia verda, un proc\u00e9s de fabricaci\u00f3 m\u00e9s sostenible"},"content":{"rendered":"\n<p class=\"has-neve-text-color-color has-text-color\">Les energies renovables s\u00f3n fonts d&#8217;energia neta, cada vegada m\u00e9s competitives en relaci\u00f3 amb les fonts d&#8217;energia tradicionals. Aquestes s\u00f3n vitals per a combatre el canvi clim\u00e0tic i limitar els seus efectes m\u00e9s devastadors, evitant l&#8217;emissi\u00f3 de gasos d&#8217;efecte d&#8217;hivernacle i amb un impacte ambiental molt de menor que altres formes d&#8217;energia.<\/p>\n\n<p class=\"has-neve-text-color-color has-text-color\">L&#8217;energia verda s&#8217;ha convertit en una de les principals preocupacions de la societat actual. Cada vegada m\u00e9s, el m\u00f3n s&#8217;est\u00e0 bolcant cap a energies renovables i el sector t\u00e8xtil no es queda fora d&#8217;aquest canvi sustentable.<\/p>\n\n<h2 class=\"has-neve-link-color-color has-text-color\">Proc\u00e9s de fabricaci\u00f3 m\u00e9s sostenible<\/h2>\n\n<p class=\"has-neve-text-color-color has-text-color\">La producci\u00f3 de teixits i peces de vestir \u00e9s una activitat que consumeix una gran quantitat d&#8217;energia, per la qual cosa l&#8217;adopci\u00f3 de fonts d&#8217;energia renovable pot tenir un impacte significatiu en el medi ambient.<\/p>\n\n<p class=\"has-neve-text-color-color has-text-color\">La protecci\u00f3 del medi ambient sempre ha estat un dels principals objectius als quals dediquem tots els nostres esfor\u00e7os per a desenvolupar productes, i solucions m\u00e9s eficients i sostenibles. Des dels seus inicis, Vilarrasa ha integrat tot el proc\u00e9s vertical dins de la seva producci\u00f3, comprant directament els retalls de mat\u00e8ria primera per a fer fil, aconseguint aix\u00ed tamb\u00e9 una important reducci\u00f3 d&#8217;emissions de CO\u2082.<\/p>\n\n<h2 class=\"has-neve-link-color-color has-text-color\">Energia verda a trav\u00e9s d&#8217;una instal\u00b7laci\u00f3 fotovoltaica<\/h2>\n\n<p class=\"has-neve-text-color-color has-text-color\">En aquest context, a Vilarrasa hem pres la iniciativa d&#8217;adoptar mesures per a reduir el nostre impacte ambiental i augmentar el nostre comprom\u00eds amb l&#8217;energia verda.<\/p>\n\n<p class=\"has-neve-text-color-color has-text-color\">La nostra aposta per la modernitzaci\u00f3, l&#8217;estalvi energ\u00e8tic i la constant millora dels nostres processos ha ocupat un lloc fonamental en el creixement de Vilarrasa al llarg dels anys. Per aquest motiu, hem posat en marxa la instal\u00b7laci\u00f3 d&#8217;autoconsum fotovoltaic amb una coberta disponible aproximada de 6.100 m\u00b2, que sumen 709 kWp.<\/p>\n\n<figure class=\"wp-block-image size-large\"><img loading=\"lazy\" width=\"1024\" height=\"293\" src=\"https:\/\/vilarrasa.com\/wp-content\/uploads\/2023\/03\/Green-energy-ES-1024x293.png\" alt=\"\" class=\"wp-image-5200\" srcset=\"https:\/\/vilarrasa.com\/wp-content\/uploads\/2023\/03\/Green-energy-ES-1024x293.png 1024w, https:\/\/vilarrasa.com\/wp-content\/uploads\/2023\/03\/Green-energy-ES-300x86.png 300w, https:\/\/vilarrasa.com\/wp-content\/uploads\/2023\/03\/Green-energy-ES-768x219.png 768w, https:\/\/vilarrasa.com\/wp-content\/uploads\/2023\/03\/Green-energy-ES-1536x439.png 1536w, https:\/\/vilarrasa.com\/wp-content\/uploads\/2023\/03\/Green-energy-ES-2048x585.png 2048w\" sizes=\"(max-width: 1024px) 100vw, 1024px\" \/><\/figure>\n\n<p class=\"has-text-align-left has-neve-text-color-color has-text-color\">Gr\u00e0cies a aquesta instal\u00b7laci\u00f3, <strong>Vilarrasa deixar\u00e0 d&#8217;emetre 329 tones de CO2 anuals, la qual cosa equival a unes 125 hect\u00e0rees d&#8217;arbres plantats, una extensi\u00f3 aproximada de 175 camps de futbol.<\/strong> Aquesta mesura \u00e9s un exemple del comprom\u00eds de l&#8217;empresa amb l&#8217;energia verda, la nostra preocupaci\u00f3 pel medi ambient i amb la fermesa de continuar millorant la nostra activitat productiva cap a unes pr\u00e0ctiques m\u00e9s sostenibles.<\/p>\n","protected":false},"excerpt":{"rendered":"<p>Les energies renovables s\u00f3n fonts d&#8217;energia neta, cada vegada m\u00e9s competitives en relaci\u00f3 amb les fonts d&#8217;energia tradicionals. Aquestes s\u00f3n vitals per a combatre el canvi clim\u00e0tic i limitar els seus efectes m\u00e9s devastadors, evitant l&#8217;emissi\u00f3 de gasos d&#8217;efecte d&#8217;hivernacle i amb un impacte ambiental molt de menor que altres formes d&#8217;energia. L&#8217;energia verda s&#8217;ha&hellip;&nbsp;<a href=\"https:\/\/vilarrasa.com\/ca\/energia-verda-un-proces-de-fabricacio-mes-sostenible\/\" class=\"\" rel=\"bookmark\">Read More &raquo;<span class=\"screen-reader-text\">Energia verda, un proc\u00e9s de fabricaci\u00f3 m\u00e9s sostenible<\/span><\/a><\/p>\n","protected":false},"author":8,"featured_media":5192,"comment_status":"closed","ping_status":"open","sticky":false,"template":"","format":"standard","meta":{"content-type":"","neve_meta_sidebar":"","neve_meta_container":"","neve_meta_enable_content_width":"","neve_meta_content_width":0,"neve_meta_title_alignment":"","neve_meta_author_avatar":"","neve_post_elements_order":"","neve_meta_disable_header":"","neve_meta_disable_footer":"","neve_meta_disable_title":"","neve_meta_reading_time":""},"categories":[60],"tags":[],"yoast_head":"<!-- This site is optimized with the Yoast SEO plugin v18.8 - https:\/\/yoast.com\/wordpress\/plugins\/seo\/ -->\n<title>Energia verda, un proc\u00e9s de fabricaci\u00f3 m\u00e9s sostenible - Vilarrasa<\/title>\n<meta name=\"description\" content=\"Les energies renovables s\u00f3n fonts d&#039;energia neta, cada vegada m\u00e9s competitives en relaci\u00f3 amb les fonts d&#039;energia tradicionals.\" \/>\n<meta name=\"robots\" content=\"index, follow, max-snippet:-1, max-image-preview:large, max-video-preview:-1\" \/>\n<link rel=\"canonical\" href=\"https:\/\/vilarrasa.com\/ca\/energia-verda-un-proces-de-fabricacio-mes-sostenible\/\" \/>\n<meta property=\"og:locale\" content=\"ca_ES\" \/>\n<meta property=\"og:type\" content=\"article\" \/>\n<meta property=\"og:title\" content=\"Energia verda, un proc\u00e9s de fabricaci\u00f3 m\u00e9s sostenible - Vilarrasa\" \/>\n<meta property=\"og:description\" content=\"Les energies renovables s\u00f3n fonts d&#039;energia neta, cada vegada m\u00e9s competitives en relaci\u00f3 amb les fonts d&#039;energia tradicionals.\" \/>\n<meta property=\"og:url\" content=\"https:\/\/vilarrasa.com\/ca\/energia-verda-un-proces-de-fabricacio-mes-sostenible\/\" \/>\n<meta property=\"og:site_name\" content=\"Vilarrasa\" \/>\n<meta property=\"article:published_time\" content=\"2023-03-06T11:38:38+00:00\" \/>\n<meta property=\"article:modified_time\" content=\"2023-06-23T15:02:44+00:00\" \/>\n<meta property=\"og:image\" content=\"https:\/\/vilarrasa.com\/wp-content\/uploads\/2023\/03\/Imatges-destacades-blog-4.png\" \/>\n\t<meta property=\"og:image:width\" content=\"930\" \/>\n\t<meta property=\"og:image:height\" content=\"600\" \/>\n\t<meta property=\"og:image:type\" content=\"image\/png\" \/>\n<meta name=\"twitter:card\" content=\"summary_large_image\" \/>\n<meta name=\"twitter:label1\" content=\"Escrit per\" \/>\n\t<meta name=\"twitter:data1\" content=\"mkting04\" \/>\n\t<meta name=\"twitter:label2\" content=\"Temps estimat de lectura\" \/>\n\t<meta name=\"twitter:data2\" content=\"2 minuts\" \/>\n<script type=\"application\/ld+json\" class=\"yoast-schema-graph\">{\"@context\":\"https:\/\/schema.org\",\"@graph\":[{\"@type\":\"Organization\",\"@id\":\"https:\/\/vilarrasa.com\/#organization\",\"name\":\"S.Vilarrasa\",\"url\":\"https:\/\/vilarrasa.com\/\",\"sameAs\":[],\"logo\":{\"@type\":\"ImageObject\",\"inLanguage\":\"ca\",\"@id\":\"https:\/\/vilarrasa.com\/#\/schema\/logo\/image\/\",\"url\":\"https:\/\/vilarrasa.com\/wp-content\/uploads\/2020\/06\/logo_vilarr.png\",\"contentUrl\":\"https:\/\/vilarrasa.com\/wp-content\/uploads\/2020\/06\/logo_vilarr.png\",\"width\":885,\"height\":206,\"caption\":\"S.Vilarrasa\"},\"image\":{\"@id\":\"https:\/\/vilarrasa.com\/#\/schema\/logo\/image\/\"}},{\"@type\":\"WebSite\",\"@id\":\"https:\/\/vilarrasa.com\/#website\",\"url\":\"https:\/\/vilarrasa.com\/\",\"name\":\"Vilarrasa\",\"description\":\"Hilos reciclados de alta calidad\",\"publisher\":{\"@id\":\"https:\/\/vilarrasa.com\/#organization\"},\"potentialAction\":[{\"@type\":\"SearchAction\",\"target\":{\"@type\":\"EntryPoint\",\"urlTemplate\":\"https:\/\/vilarrasa.com\/?s={search_term_string}\"},\"query-input\":\"required name=search_term_string\"}],\"inLanguage\":\"ca\"},{\"@type\":\"ImageObject\",\"inLanguage\":\"ca\",\"@id\":\"https:\/\/vilarrasa.com\/ca\/energia-verda-un-proces-de-fabricacio-mes-sostenible\/#primaryimage\",\"url\":\"https:\/\/vilarrasa.com\/wp-content\/uploads\/2023\/03\/Imatges-destacades-blog-4.png\",\"contentUrl\":\"https:\/\/vilarrasa.com\/wp-content\/uploads\/2023\/03\/Imatges-destacades-blog-4.png\",\"width\":930,\"height\":600},{\"@type\":[\"WebPage\",\"ItemPage\"],\"@id\":\"https:\/\/vilarrasa.com\/ca\/energia-verda-un-proces-de-fabricacio-mes-sostenible\/#webpage\",\"url\":\"https:\/\/vilarrasa.com\/ca\/energia-verda-un-proces-de-fabricacio-mes-sostenible\/\",\"name\":\"Energia verda, un proc\u00e9s de fabricaci\u00f3 m\u00e9s sostenible - Vilarrasa\",\"isPartOf\":{\"@id\":\"https:\/\/vilarrasa.com\/#website\"},\"primaryImageOfPage\":{\"@id\":\"https:\/\/vilarrasa.com\/ca\/energia-verda-un-proces-de-fabricacio-mes-sostenible\/#primaryimage\"},\"datePublished\":\"2023-03-06T11:38:38+00:00\",\"dateModified\":\"2023-06-23T15:02:44+00:00\",\"description\":\"Les energies renovables s\u00f3n fonts d'energia neta, cada vegada m\u00e9s competitives en relaci\u00f3 amb les fonts d'energia tradicionals.\",\"breadcrumb\":{\"@id\":\"https:\/\/vilarrasa.com\/ca\/energia-verda-un-proces-de-fabricacio-mes-sostenible\/#breadcrumb\"},\"inLanguage\":\"ca\",\"potentialAction\":[{\"@type\":\"ReadAction\",\"target\":[\"https:\/\/vilarrasa.com\/ca\/energia-verda-un-proces-de-fabricacio-mes-sostenible\/\"]}]},{\"@type\":\"BreadcrumbList\",\"@id\":\"https:\/\/vilarrasa.com\/ca\/energia-verda-un-proces-de-fabricacio-mes-sostenible\/#breadcrumb\",\"itemListElement\":[{\"@type\":\"ListItem\",\"position\":1,\"name\":\"Home\",\"item\":\"https:\/\/vilarrasa.com\/\"},{\"@type\":\"ListItem\",\"position\":2,\"name\":\"Energia verda, un proc\u00e9s de fabricaci\u00f3 m\u00e9s sostenible\"}]},{\"@type\":[\"Article\",\"BlogPosting\"],\"@id\":\"https:\/\/vilarrasa.com\/ca\/energia-verda-un-proces-de-fabricacio-mes-sostenible\/#article\",\"isPartOf\":{\"@id\":\"https:\/\/vilarrasa.com\/ca\/energia-verda-un-proces-de-fabricacio-mes-sostenible\/#webpage\"},\"author\":{\"@id\":\"https:\/\/vilarrasa.com\/#\/schema\/person\/dbb2c0e50b86501b7b1661c9eabbbade\"},\"headline\":\"Energia verda, un proc\u00e9s de fabricaci\u00f3 m\u00e9s sostenible\",\"datePublished\":\"2023-03-06T11:38:38+00:00\",\"dateModified\":\"2023-06-23T15:02:44+00:00\",\"mainEntityOfPage\":{\"@id\":\"https:\/\/vilarrasa.com\/ca\/energia-verda-un-proces-de-fabricacio-mes-sostenible\/#webpage\"},\"wordCount\":373,\"publisher\":{\"@id\":\"https:\/\/vilarrasa.com\/#organization\"},\"image\":{\"@id\":\"https:\/\/vilarrasa.com\/ca\/energia-verda-un-proces-de-fabricacio-mes-sostenible\/#primaryimage\"},\"thumbnailUrl\":\"https:\/\/vilarrasa.com\/wp-content\/uploads\/2023\/03\/Imatges-destacades-blog-4.png\",\"articleSection\":[\"Vilarrasa\"],\"inLanguage\":\"ca\"},{\"@type\":\"Person\",\"@id\":\"https:\/\/vilarrasa.com\/#\/schema\/person\/dbb2c0e50b86501b7b1661c9eabbbade\",\"name\":\"mkting04\",\"image\":{\"@type\":\"ImageObject\",\"inLanguage\":\"ca\",\"@id\":\"https:\/\/vilarrasa.com\/#\/schema\/person\/image\/\",\"url\":\"https:\/\/secure.gravatar.com\/avatar\/4a2f9f47483c84967d982cc323aede7a?s=96&d=mm&r=g\",\"contentUrl\":\"https:\/\/secure.gravatar.com\/avatar\/4a2f9f47483c84967d982cc323aede7a?s=96&d=mm&r=g\",\"caption\":\"mkting04\"}}]}<\/script>\n<!-- \/ Yoast SEO plugin. -->","yoast_head_json":{"title":"Energia verda, un proc\u00e9s de fabricaci\u00f3 m\u00e9s sostenible - Vilarrasa","description":"Les energies renovables s\u00f3n fonts d'energia neta, cada vegada m\u00e9s competitives en relaci\u00f3 amb les fonts d'energia tradicionals.","robots":{"index":"index","follow":"follow","max-snippet":"max-snippet:-1","max-image-preview":"max-image-preview:large","max-video-preview":"max-video-preview:-1"},"canonical":"https:\/\/vilarrasa.com\/ca\/energia-verda-un-proces-de-fabricacio-mes-sostenible\/","og_locale":"ca_ES","og_type":"article","og_title":"Energia verda, un proc\u00e9s de fabricaci\u00f3 m\u00e9s sostenible - Vilarrasa","og_description":"Les energies renovables s\u00f3n fonts d'energia neta, cada vegada m\u00e9s competitives en relaci\u00f3 amb les fonts d'energia tradicionals.","og_url":"https:\/\/vilarrasa.com\/ca\/energia-verda-un-proces-de-fabricacio-mes-sostenible\/","og_site_name":"Vilarrasa","article_published_time":"2023-03-06T11:38:38+00:00","article_modified_time":"2023-06-23T15:02:44+00:00","og_image":[{"width":930,"height":600,"url":"https:\/\/vilarrasa.com\/wp-content\/uploads\/2023\/03\/Imatges-destacades-blog-4.png","type":"image\/png"}],"twitter_card":"summary_large_image","twitter_misc":{"Escrit per":"mkting04","Temps estimat de lectura":"2 minuts"},"schema":{"@context":"https:\/\/schema.org","@graph":[{"@type":"Organization","@id":"https:\/\/vilarrasa.com\/#organization","name":"S.Vilarrasa","url":"https:\/\/vilarrasa.com\/","sameAs":[],"logo":{"@type":"ImageObject","inLanguage":"ca","@id":"https:\/\/vilarrasa.com\/#\/schema\/logo\/image\/","url":"https:\/\/vilarrasa.com\/wp-content\/uploads\/2020\/06\/logo_vilarr.png","contentUrl":"https:\/\/vilarrasa.com\/wp-content\/uploads\/2020\/06\/logo_vilarr.png","width":885,"height":206,"caption":"S.Vilarrasa"},"image":{"@id":"https:\/\/vilarrasa.com\/#\/schema\/logo\/image\/"}},{"@type":"WebSite","@id":"https:\/\/vilarrasa.com\/#website","url":"https:\/\/vilarrasa.com\/","name":"Vilarrasa","description":"Hilos reciclados de alta calidad","publisher":{"@id":"https:\/\/vilarrasa.com\/#organization"},"potentialAction":[{"@type":"SearchAction","target":{"@type":"EntryPoint","urlTemplate":"https:\/\/vilarrasa.com\/?s={search_term_string}"},"query-input":"required name=search_term_string"}],"inLanguage":"ca"},{"@type":"ImageObject","inLanguage":"ca","@id":"https:\/\/vilarrasa.com\/ca\/energia-verda-un-proces-de-fabricacio-mes-sostenible\/#primaryimage","url":"https:\/\/vilarrasa.com\/wp-content\/uploads\/2023\/03\/Imatges-destacades-blog-4.png","contentUrl":"https:\/\/vilarrasa.com\/wp-content\/uploads\/2023\/03\/Imatges-destacades-blog-4.png","width":930,"height":600},{"@type":["WebPage","ItemPage"],"@id":"https:\/\/vilarrasa.com\/ca\/energia-verda-un-proces-de-fabricacio-mes-sostenible\/#webpage","url":"https:\/\/vilarrasa.com\/ca\/energia-verda-un-proces-de-fabricacio-mes-sostenible\/","name":"Energia verda, un proc\u00e9s de fabricaci\u00f3 m\u00e9s sostenible - Vilarrasa","isPartOf":{"@id":"https:\/\/vilarrasa.com\/#website"},"primaryImageOfPage":{"@id":"https:\/\/vilarrasa.com\/ca\/energia-verda-un-proces-de-fabricacio-mes-sostenible\/#primaryimage"},"datePublished":"2023-03-06T11:38:38+00:00","dateModified":"2023-06-23T15:02:44+00:00","description":"Les energies renovables s\u00f3n fonts d'energia neta, cada vegada m\u00e9s competitives en relaci\u00f3 amb les fonts d'energia tradicionals.","breadcrumb":{"@id":"https:\/\/vilarrasa.com\/ca\/energia-verda-un-proces-de-fabricacio-mes-sostenible\/#breadcrumb"},"inLanguage":"ca","potentialAction":[{"@type":"ReadAction","target":["https:\/\/vilarrasa.com\/ca\/energia-verda-un-proces-de-fabricacio-mes-sostenible\/"]}]},{"@type":"BreadcrumbList","@id":"https:\/\/vilarrasa.com\/ca\/energia-verda-un-proces-de-fabricacio-mes-sostenible\/#breadcrumb","itemListElement":[{"@type":"ListItem","position":1,"name":"Home","item":"https:\/\/vilarrasa.com\/"},{"@type":"ListItem","position":2,"name":"Energia verda, un proc\u00e9s de fabricaci\u00f3 m\u00e9s sostenible"}]},{"@type":["Article","BlogPosting"],"@id":"https:\/\/vilarrasa.com\/ca\/energia-verda-un-proces-de-fabricacio-mes-sostenible\/#article","isPartOf":{"@id":"https:\/\/vilarrasa.com\/ca\/energia-verda-un-proces-de-fabricacio-mes-sostenible\/#webpage"},"author":{"@id":"https:\/\/vilarrasa.com\/#\/schema\/person\/dbb2c0e50b86501b7b1661c9eabbbade"},"headline":"Energia verda, un proc\u00e9s de fabricaci\u00f3 m\u00e9s sostenible","datePublished":"2023-03-06T11:38:38+00:00","dateModified":"2023-06-23T15:02:44+00:00","mainEntityOfPage":{"@id":"https:\/\/vilarrasa.com\/ca\/energia-verda-un-proces-de-fabricacio-mes-sostenible\/#webpage"},"wordCount":373,"publisher":{"@id":"https:\/\/vilarrasa.com\/#organization"},"image":{"@id":"https:\/\/vilarrasa.com\/ca\/energia-verda-un-proces-de-fabricacio-mes-sostenible\/#primaryimage"},"thumbnailUrl":"https:\/\/vilarrasa.com\/wp-content\/uploads\/2023\/03\/Imatges-destacades-blog-4.png","articleSection":["Vilarrasa"],"inLanguage":"ca"},{"@type":"Person","@id":"https:\/\/vilarrasa.com\/#\/schema\/person\/dbb2c0e50b86501b7b1661c9eabbbade","name":"mkting04","image":{"@type":"ImageObject","inLanguage":"ca","@id":"https:\/\/vilarrasa.com\/#\/schema\/person\/image\/","url":"https:\/\/secure.gravatar.com\/avatar\/4a2f9f47483c84967d982cc323aede7a?s=96&d=mm&r=g","contentUrl":"https:\/\/secure.gravatar.com\/avatar\/4a2f9f47483c84967d982cc323aede7a?s=96&d=mm&r=g","caption":"mkting04"}}]}},"_links":{"self":[{"href":"https:\/\/vilarrasa.com\/ca\/wp-json\/wp\/v2\/posts\/5198"}],"collection":[{"href":"https:\/\/vilarrasa.com\/ca\/wp-json\/wp\/v2\/posts"}],"about":[{"href":"https:\/\/vilarrasa.com\/ca\/wp-json\/wp\/v2\/types\/post"}],"author":[{"embeddable":true,"href":"https:\/\/vilarrasa.com\/ca\/wp-json\/wp\/v2\/users\/8"}],"replies":[{"embeddable":true,"href":"https:\/\/vilarrasa.com\/ca\/wp-json\/wp\/v2\/comments?post=5198"}],"version-history":[{"count":8,"href":"https:\/\/vilarrasa.com\/ca\/wp-json\/wp\/v2\/posts\/5198\/revisions"}],"predecessor-version":[{"id":6419,"href":"https:\/\/vilarrasa.com\/ca\/wp-json\/wp\/v2\/posts\/5198\/revisions\/6419"}],"wp:featuredmedia":[{"embeddable":true,"href":"https:\/\/vilarrasa.com\/ca\/wp-json\/wp\/v2\/media\/5192"}],"wp:attachment":[{"href":"https:\/\/vilarrasa.com\/ca\/wp-json\/wp\/v2\/media?parent=5198"}],"wp:term":[{"taxonomy":"category","embeddable":true,"href":"https:\/\/vilarrasa.com\/ca\/wp-json\/wp\/v2\/categories?post=5198"},{"taxonomy":"post_tag","embeddable":true,"href":"https:\/\/vilarrasa.com\/ca\/wp-json\/wp\/v2\/tags?post=5198"}],"curies":[{"name":"wp","href":"https:\/\/api.w.org\/{rel}","templated":true}]}}