{"id":4049,"date":"2023-01-17T09:40:42","date_gmt":"2023-01-17T08:40:42","guid":{"rendered":"https:\/\/vilarrasa.com\/?p=4049"},"modified":"2023-06-23T16:48:22","modified_gmt":"2023-06-23T14:48:22","slug":"les-5-tendances-qui-vont-faconner-le-secteur-du-textile-en-2023","status":"publish","type":"post","link":"https:\/\/vilarrasa.com\/fr\/les-5-tendances-qui-vont-faconner-le-secteur-du-textile-en-2023\/","title":{"rendered":"Les 5 tendances qui vont fa\u00e7onner le secteur du textile en 2023"},"content":{"rendered":"\n<p class=\"has-neve-text-color-color has-text-color\">Avec le d\u00e9but d&rsquo;une nouvelle ann\u00e9e, de nouvelles tendances font leur apparition et le secteur du textile ne fait pas exception. C&rsquo;est pourquoi nous partageons avec vous 5 des tendances qui marqueront 2023 dans l&rsquo;industrie textile. Ne manquez aucun d\u00e9tail !<\/p>\n\n<h2 class=\"has-neve-link-color-color has-text-color\">1. Nouvelles exigences li\u00e9es \u00e0 la conception des produits textiles<\/h2>\n\n<p class=\"has-neve-text-color-color has-text-color\">La strat\u00e9gie de l&rsquo;UE sur les textiles et les produits circulaires vise \u00e0 garantir que, d&rsquo;ici 2030, tous les produits textiles mis sur le march\u00e9 de l&rsquo;UE soient durables et recyclables. Fabriqu\u00e9 en grande partie \u00e0 partir de fibres recycl\u00e9es, sans substances dangereuses et produit dans le respect des droits sociaux et environnementaux.&#13;\n&#13;\nChez Vilarrasa, nous agissons de mani\u00e8re durable depuis plus de 50 ans, en consacrant d\u00e8s le d\u00e9part notre production \u00e0 la fabrication de fils recycl\u00e9s avant consommation, contribuant ainsi \u00e0 la r\u00e9duction des d\u00e9chets textiles.<\/p>\n\n<h2 class=\"has-neve-link-color-color has-text-color\">2. Mettre fin \u00e0 la destruction des produits textiles<\/h2>\n\n<p class=\"has-neve-text-color-color has-text-color\">La Commission propose une obligation de transparence obligeant les grandes entreprises \u00e0 rendre public le nombre de produits qu&rsquo;elles jettent et d\u00e9truisent, y compris les produits textiles. En outre, il est pr\u00e9vu d&rsquo;introduire des interdictions de destruction des produits invendus.&#13;\n&#13;\nAinsi, Vilarrasa r\u00e9alise depuis plus de 4 ans des projets de post-consommation gr\u00e2ce au savoir-faire de plus d&rsquo;un demi-si\u00e8cle de travail dans le monde du recyclage. C&rsquo;est ainsi qu&rsquo;est n\u00e9 <a href=\"https:\/\/vilarrasa.com\/fr\/respin-by-vilarrasa-fabrication-de-fil-recycle-post-consommation\/\">RESPIN by Vilarrasa<\/a>, qui vise \u00e0 travailler avec diff\u00e9rents d\u00e9chets post-consommation pour cr\u00e9er de nouveaux produits de haute qualit\u00e9.<\/p>\n\n<h2 class=\"has-neve-link-color-color has-text-color\">3. Introduire des exigences en mati\u00e8re d&rsquo;information et des passeports de produits num\u00e9riques<\/h2>\n\n<p class=\"has-neve-text-color-color has-text-color\">La Commission europ\u00e9enne travaillera \u00e0 la mise en \u0153uvre d&rsquo;un passeport num\u00e9rique pour les produits textiles, bas\u00e9 sur des exigences d&rsquo;information obligatoires sur la circularit\u00e9 et d&rsquo;autres aspects environnementaux. Le march\u00e9 europ\u00e9en devra inclure l&rsquo;\u00e9tiquetage de la composition des fibres ainsi que des informations sur les processus de production.<\/p>\n\n<p class=\"has-neve-text-color-color has-text-color\">Cette mesure vise \u00e0 assurer une meilleure protection contre les pratiques d\u00e9loyales. Cela entra\u00eenera de nouvelles exigences sur la mani\u00e8re d&rsquo;informer les consommateurs au point de vente de la garantie commerciale de durabilit\u00e9 et de r\u00e9parabilit\u00e9 du produit. De m\u00eame, comment limiter les \u00e9co-d\u00e9clarations aux seuls produits qui ont prouv\u00e9 une performance environnementale d&rsquo;excellence reconnue, en exigeant que les labels soient bas\u00e9s sur une v\u00e9rification externe.<\/p>\n\n<h2 class=\"has-neve-link-color-color has-text-color\">4. Demande accrue de fibres naturelles<\/h2>\n\n<p class=\"has-neve-text-color-color has-text-color\">L&rsquo;une des tendances les plus importantes qui ont fa\u00e7onn\u00e9 l&rsquo;industrie textile est l&rsquo;augmentation de la demande de fibres naturelles. \u00c0 Vilarrasa, nous travaillons actuellement avec les <a href=\"https:\/\/vilarrasa.com\/fr\/type-de-matiere-premiere-recyclee-pour-la-fabrication-de-fils\/\">fibres les plus remarquables<\/a> telles que le <strong>coton<\/strong>, le <strong>lin<\/strong> et le <strong>chanvre<\/strong>. Le chanvre, par exemple, est l&rsquo;une des fibres naturelles les plus r\u00e9sistantes et durables, et nous avons constat\u00e9 une demande croissante \u00e0 son \u00e9gard. Cette tendance devrait se poursuivre car les fibres naturelles ont un impact environnemental moindre.<\/p>\n\n<h2 class=\"has-neve-link-color-color has-text-color\">5. Le changement par la circularit\u00e9<\/h2>\n\n<p class=\"has-neve-text-color-color has-text-color\">L&rsquo;un des principaux objectifs du secteur du recyclage des textiles est de rendre l&rsquo;utilisation des ressources plus efficace et de s&rsquo;orienter vers des \u00e9nergies et des mat\u00e9riaux renouvelables dans la production de v\u00eatements. Le secteur de la mode est l&rsquo;une des industries les plus polluantes, c&rsquo;est pourquoi on s&rsquo;attend \u00e0 ce que de plus en plus d&rsquo;entreprises et de r\u00e9glementations s&rsquo;engagent dans l&rsquo;\u00e9conomie circulaire, qui encourage la r\u00e9utilisation des mat\u00e9riaux existants.<\/p>\n","protected":false},"excerpt":{"rendered":"<p>Avec le d\u00e9but d&rsquo;une nouvelle ann\u00e9e, de nouvelles tendances font leur apparition et le secteur du textile ne fait pas exception. C&rsquo;est pourquoi nous partageons avec vous 5 des tendances qui marqueront 2023 dans l&rsquo;industrie textile. Ne manquez aucun d\u00e9tail ! 1. Nouvelles exigences li\u00e9es \u00e0 la conception des produits textiles La strat\u00e9gie de l&rsquo;UE&hellip;&nbsp;<a href=\"https:\/\/vilarrasa.com\/fr\/les-5-tendances-qui-vont-faconner-le-secteur-du-textile-en-2023\/\" class=\"\" rel=\"bookmark\">Lire la suite &raquo;<span class=\"screen-reader-text\">Les 5 tendances qui vont fa\u00e7onner le secteur du textile en 2023<\/span><\/a><\/p>\n","protected":false},"author":8,"featured_media":4041,"comment_status":"closed","ping_status":"open","sticky":false,"template":"","format":"standard","meta":{"content-type":"","neve_meta_sidebar":"","neve_meta_container":"","neve_meta_enable_content_width":"","neve_meta_content_width":0,"neve_meta_title_alignment":"","neve_meta_author_avatar":"","neve_post_elements_order":"","neve_meta_disable_header":"","neve_meta_disable_footer":"","neve_meta_disable_title":"","neve_meta_reading_time":""},"categories":[65],"tags":[],"yoast_head":"<!-- This site is optimized with the Yoast SEO plugin v18.8 - https:\/\/yoast.com\/wordpress\/plugins\/seo\/ -->\n<title>Les 5 tendances qui vont fa\u00e7onner le secteur du textile en 2023 - Vilarrasa<\/title>\n<meta name=\"description\" content=\"Nous partageons avec vous 5 des tendances qui marqueront cette ann\u00e9e 2023 dans l&#039;industrie textile, ne manquez aucun d\u00e9tail !\" \/>\n<meta name=\"robots\" content=\"index, follow, max-snippet:-1, max-image-preview:large, max-video-preview:-1\" \/>\n<link rel=\"canonical\" href=\"https:\/\/vilarrasa.com\/fr\/les-5-tendances-qui-vont-faconner-le-secteur-du-textile-en-2023\/\" \/>\n<meta property=\"og:locale\" content=\"fr_FR\" \/>\n<meta property=\"og:type\" content=\"article\" \/>\n<meta property=\"og:title\" content=\"Les 5 tendances qui vont fa\u00e7onner le secteur du textile en 2023 - Vilarrasa\" \/>\n<meta property=\"og:description\" content=\"Nous partageons avec vous 5 des tendances qui marqueront cette ann\u00e9e 2023 dans l&#039;industrie textile, ne manquez aucun d\u00e9tail !\" \/>\n<meta property=\"og:url\" content=\"https:\/\/vilarrasa.com\/fr\/les-5-tendances-qui-vont-faconner-le-secteur-du-textile-en-2023\/\" \/>\n<meta property=\"og:site_name\" content=\"Vilarrasa\" \/>\n<meta property=\"article:published_time\" content=\"2023-01-17T08:40:42+00:00\" \/>\n<meta property=\"article:modified_time\" content=\"2023-06-23T14:48:22+00:00\" \/>\n<meta property=\"og:image\" content=\"https:\/\/vilarrasa.com\/wp-content\/uploads\/2023\/01\/tendencias-sector-textil-2023.jpg\" \/>\n\t<meta property=\"og:image:width\" content=\"930\" \/>\n\t<meta property=\"og:image:height\" content=\"600\" \/>\n\t<meta property=\"og:image:type\" content=\"image\/jpeg\" \/>\n<meta name=\"twitter:card\" content=\"summary_large_image\" \/>\n<meta name=\"twitter:label1\" content=\"\u00c9crit par\" \/>\n\t<meta name=\"twitter:data1\" content=\"mkting04\" \/>\n\t<meta name=\"twitter:label2\" content=\"Dur\u00e9e de lecture estim\u00e9e\" \/>\n\t<meta name=\"twitter:data2\" content=\"3 minutes\" \/>\n<script type=\"application\/ld+json\" class=\"yoast-schema-graph\">{\"@context\":\"https:\/\/schema.org\",\"@graph\":[{\"@type\":\"Organization\",\"@id\":\"https:\/\/vilarrasa.com\/#organization\",\"name\":\"S.Vilarrasa\",\"url\":\"https:\/\/vilarrasa.com\/\",\"sameAs\":[],\"logo\":{\"@type\":\"ImageObject\",\"inLanguage\":\"fr-FR\",\"@id\":\"https:\/\/vilarrasa.com\/#\/schema\/logo\/image\/\",\"url\":\"https:\/\/vilarrasa.com\/wp-content\/uploads\/2020\/06\/logo_vilarr.png\",\"contentUrl\":\"https:\/\/vilarrasa.com\/wp-content\/uploads\/2020\/06\/logo_vilarr.png\",\"width\":885,\"height\":206,\"caption\":\"S.Vilarrasa\"},\"image\":{\"@id\":\"https:\/\/vilarrasa.com\/#\/schema\/logo\/image\/\"}},{\"@type\":\"WebSite\",\"@id\":\"https:\/\/vilarrasa.com\/#website\",\"url\":\"https:\/\/vilarrasa.com\/\",\"name\":\"Vilarrasa\",\"description\":\"Hilos reciclados de alta calidad\",\"publisher\":{\"@id\":\"https:\/\/vilarrasa.com\/#organization\"},\"potentialAction\":[{\"@type\":\"SearchAction\",\"target\":{\"@type\":\"EntryPoint\",\"urlTemplate\":\"https:\/\/vilarrasa.com\/?s={search_term_string}\"},\"query-input\":\"required name=search_term_string\"}],\"inLanguage\":\"fr-FR\"},{\"@type\":\"ImageObject\",\"inLanguage\":\"fr-FR\",\"@id\":\"https:\/\/vilarrasa.com\/fr\/les-5-tendances-qui-vont-faconner-le-secteur-du-textile-en-2023\/#primaryimage\",\"url\":\"https:\/\/vilarrasa.com\/wp-content\/uploads\/2023\/01\/tendencias-sector-textil-2023.jpg\",\"contentUrl\":\"https:\/\/vilarrasa.com\/wp-content\/uploads\/2023\/01\/tendencias-sector-textil-2023.jpg\",\"width\":930,\"height\":600},{\"@type\":[\"WebPage\",\"ItemPage\"],\"@id\":\"https:\/\/vilarrasa.com\/fr\/les-5-tendances-qui-vont-faconner-le-secteur-du-textile-en-2023\/#webpage\",\"url\":\"https:\/\/vilarrasa.com\/fr\/les-5-tendances-qui-vont-faconner-le-secteur-du-textile-en-2023\/\",\"name\":\"Les 5 tendances qui vont fa\u00e7onner le secteur du textile en 2023 - Vilarrasa\",\"isPartOf\":{\"@id\":\"https:\/\/vilarrasa.com\/#website\"},\"primaryImageOfPage\":{\"@id\":\"https:\/\/vilarrasa.com\/fr\/les-5-tendances-qui-vont-faconner-le-secteur-du-textile-en-2023\/#primaryimage\"},\"datePublished\":\"2023-01-17T08:40:42+00:00\",\"dateModified\":\"2023-06-23T14:48:22+00:00\",\"description\":\"Nous partageons avec vous 5 des tendances qui marqueront cette ann\u00e9e 2023 dans l'industrie textile, ne manquez aucun d\u00e9tail !\",\"breadcrumb\":{\"@id\":\"https:\/\/vilarrasa.com\/fr\/les-5-tendances-qui-vont-faconner-le-secteur-du-textile-en-2023\/#breadcrumb\"},\"inLanguage\":\"fr-FR\",\"potentialAction\":[{\"@type\":\"ReadAction\",\"target\":[\"https:\/\/vilarrasa.com\/fr\/les-5-tendances-qui-vont-faconner-le-secteur-du-textile-en-2023\/\"]}]},{\"@type\":\"BreadcrumbList\",\"@id\":\"https:\/\/vilarrasa.com\/fr\/les-5-tendances-qui-vont-faconner-le-secteur-du-textile-en-2023\/#breadcrumb\",\"itemListElement\":[{\"@type\":\"ListItem\",\"position\":1,\"name\":\"Home\",\"item\":\"https:\/\/vilarrasa.com\/es\/\"},{\"@type\":\"ListItem\",\"position\":2,\"name\":\"Les 5 tendances qui vont fa\u00e7onner le secteur du textile en 2023\"}]},{\"@type\":[\"Article\",\"BlogPosting\"],\"@id\":\"https:\/\/vilarrasa.com\/fr\/les-5-tendances-qui-vont-faconner-le-secteur-du-textile-en-2023\/#article\",\"isPartOf\":{\"@id\":\"https:\/\/vilarrasa.com\/fr\/les-5-tendances-qui-vont-faconner-le-secteur-du-textile-en-2023\/#webpage\"},\"author\":{\"@id\":\"https:\/\/vilarrasa.com\/#\/schema\/person\/dbb2c0e50b86501b7b1661c9eabbbade\"},\"headline\":\"Les 5 tendances qui vont fa\u00e7onner le secteur du textile en 2023\",\"datePublished\":\"2023-01-17T08:40:42+00:00\",\"dateModified\":\"2023-06-23T14:48:22+00:00\",\"mainEntityOfPage\":{\"@id\":\"https:\/\/vilarrasa.com\/fr\/les-5-tendances-qui-vont-faconner-le-secteur-du-textile-en-2023\/#webpage\"},\"wordCount\":554,\"publisher\":{\"@id\":\"https:\/\/vilarrasa.com\/#organization\"},\"image\":{\"@id\":\"https:\/\/vilarrasa.com\/fr\/les-5-tendances-qui-vont-faconner-le-secteur-du-textile-en-2023\/#primaryimage\"},\"thumbnailUrl\":\"https:\/\/vilarrasa.com\/wp-content\/uploads\/2023\/01\/tendencias-sector-textil-2023.jpg\",\"articleSection\":[\"tendances\"],\"inLanguage\":\"fr-FR\"},{\"@type\":\"Person\",\"@id\":\"https:\/\/vilarrasa.com\/#\/schema\/person\/dbb2c0e50b86501b7b1661c9eabbbade\",\"name\":\"mkting04\",\"image\":{\"@type\":\"ImageObject\",\"inLanguage\":\"fr-FR\",\"@id\":\"https:\/\/vilarrasa.com\/#\/schema\/person\/image\/\",\"url\":\"https:\/\/secure.gravatar.com\/avatar\/4a2f9f47483c84967d982cc323aede7a?s=96&d=mm&r=g\",\"contentUrl\":\"https:\/\/secure.gravatar.com\/avatar\/4a2f9f47483c84967d982cc323aede7a?s=96&d=mm&r=g\",\"caption\":\"mkting04\"}}]}<\/script>\n<!-- \/ Yoast SEO plugin. -->","yoast_head_json":{"title":"Les 5 tendances qui vont fa\u00e7onner le secteur du textile en 2023 - Vilarrasa","description":"Nous partageons avec vous 5 des tendances qui marqueront cette ann\u00e9e 2023 dans l'industrie textile, ne manquez aucun d\u00e9tail !","robots":{"index":"index","follow":"follow","max-snippet":"max-snippet:-1","max-image-preview":"max-image-preview:large","max-video-preview":"max-video-preview:-1"},"canonical":"https:\/\/vilarrasa.com\/fr\/les-5-tendances-qui-vont-faconner-le-secteur-du-textile-en-2023\/","og_locale":"fr_FR","og_type":"article","og_title":"Les 5 tendances qui vont fa\u00e7onner le secteur du textile en 2023 - Vilarrasa","og_description":"Nous partageons avec vous 5 des tendances qui marqueront cette ann\u00e9e 2023 dans l'industrie textile, ne manquez aucun d\u00e9tail !","og_url":"https:\/\/vilarrasa.com\/fr\/les-5-tendances-qui-vont-faconner-le-secteur-du-textile-en-2023\/","og_site_name":"Vilarrasa","article_published_time":"2023-01-17T08:40:42+00:00","article_modified_time":"2023-06-23T14:48:22+00:00","og_image":[{"width":930,"height":600,"url":"https:\/\/vilarrasa.com\/wp-content\/uploads\/2023\/01\/tendencias-sector-textil-2023.jpg","type":"image\/jpeg"}],"twitter_card":"summary_large_image","twitter_misc":{"\u00c9crit par":"mkting04","Dur\u00e9e de lecture estim\u00e9e":"3 minutes"},"schema":{"@context":"https:\/\/schema.org","@graph":[{"@type":"Organization","@id":"https:\/\/vilarrasa.com\/#organization","name":"S.Vilarrasa","url":"https:\/\/vilarrasa.com\/","sameAs":[],"logo":{"@type":"ImageObject","inLanguage":"fr-FR","@id":"https:\/\/vilarrasa.com\/#\/schema\/logo\/image\/","url":"https:\/\/vilarrasa.com\/wp-content\/uploads\/2020\/06\/logo_vilarr.png","contentUrl":"https:\/\/vilarrasa.com\/wp-content\/uploads\/2020\/06\/logo_vilarr.png","width":885,"height":206,"caption":"S.Vilarrasa"},"image":{"@id":"https:\/\/vilarrasa.com\/#\/schema\/logo\/image\/"}},{"@type":"WebSite","@id":"https:\/\/vilarrasa.com\/#website","url":"https:\/\/vilarrasa.com\/","name":"Vilarrasa","description":"Hilos reciclados de alta calidad","publisher":{"@id":"https:\/\/vilarrasa.com\/#organization"},"potentialAction":[{"@type":"SearchAction","target":{"@type":"EntryPoint","urlTemplate":"https:\/\/vilarrasa.com\/?s={search_term_string}"},"query-input":"required name=search_term_string"}],"inLanguage":"fr-FR"},{"@type":"ImageObject","inLanguage":"fr-FR","@id":"https:\/\/vilarrasa.com\/fr\/les-5-tendances-qui-vont-faconner-le-secteur-du-textile-en-2023\/#primaryimage","url":"https:\/\/vilarrasa.com\/wp-content\/uploads\/2023\/01\/tendencias-sector-textil-2023.jpg","contentUrl":"https:\/\/vilarrasa.com\/wp-content\/uploads\/2023\/01\/tendencias-sector-textil-2023.jpg","width":930,"height":600},{"@type":["WebPage","ItemPage"],"@id":"https:\/\/vilarrasa.com\/fr\/les-5-tendances-qui-vont-faconner-le-secteur-du-textile-en-2023\/#webpage","url":"https:\/\/vilarrasa.com\/fr\/les-5-tendances-qui-vont-faconner-le-secteur-du-textile-en-2023\/","name":"Les 5 tendances qui vont fa\u00e7onner le secteur du textile en 2023 - Vilarrasa","isPartOf":{"@id":"https:\/\/vilarrasa.com\/#website"},"primaryImageOfPage":{"@id":"https:\/\/vilarrasa.com\/fr\/les-5-tendances-qui-vont-faconner-le-secteur-du-textile-en-2023\/#primaryimage"},"datePublished":"2023-01-17T08:40:42+00:00","dateModified":"2023-06-23T14:48:22+00:00","description":"Nous partageons avec vous 5 des tendances qui marqueront cette ann\u00e9e 2023 dans l'industrie textile, ne manquez aucun d\u00e9tail !","breadcrumb":{"@id":"https:\/\/vilarrasa.com\/fr\/les-5-tendances-qui-vont-faconner-le-secteur-du-textile-en-2023\/#breadcrumb"},"inLanguage":"fr-FR","potentialAction":[{"@type":"ReadAction","target":["https:\/\/vilarrasa.com\/fr\/les-5-tendances-qui-vont-faconner-le-secteur-du-textile-en-2023\/"]}]},{"@type":"BreadcrumbList","@id":"https:\/\/vilarrasa.com\/fr\/les-5-tendances-qui-vont-faconner-le-secteur-du-textile-en-2023\/#breadcrumb","itemListElement":[{"@type":"ListItem","position":1,"name":"Home","item":"https:\/\/vilarrasa.com\/es\/"},{"@type":"ListItem","position":2,"name":"Les 5 tendances qui vont fa\u00e7onner le secteur du textile en 2023"}]},{"@type":["Article","BlogPosting"],"@id":"https:\/\/vilarrasa.com\/fr\/les-5-tendances-qui-vont-faconner-le-secteur-du-textile-en-2023\/#article","isPartOf":{"@id":"https:\/\/vilarrasa.com\/fr\/les-5-tendances-qui-vont-faconner-le-secteur-du-textile-en-2023\/#webpage"},"author":{"@id":"https:\/\/vilarrasa.com\/#\/schema\/person\/dbb2c0e50b86501b7b1661c9eabbbade"},"headline":"Les 5 tendances qui vont fa\u00e7onner le secteur du textile en 2023","datePublished":"2023-01-17T08:40:42+00:00","dateModified":"2023-06-23T14:48:22+00:00","mainEntityOfPage":{"@id":"https:\/\/vilarrasa.com\/fr\/les-5-tendances-qui-vont-faconner-le-secteur-du-textile-en-2023\/#webpage"},"wordCount":554,"publisher":{"@id":"https:\/\/vilarrasa.com\/#organization"},"image":{"@id":"https:\/\/vilarrasa.com\/fr\/les-5-tendances-qui-vont-faconner-le-secteur-du-textile-en-2023\/#primaryimage"},"thumbnailUrl":"https:\/\/vilarrasa.com\/wp-content\/uploads\/2023\/01\/tendencias-sector-textil-2023.jpg","articleSection":["tendances"],"inLanguage":"fr-FR"},{"@type":"Person","@id":"https:\/\/vilarrasa.com\/#\/schema\/person\/dbb2c0e50b86501b7b1661c9eabbbade","name":"mkting04","image":{"@type":"ImageObject","inLanguage":"fr-FR","@id":"https:\/\/vilarrasa.com\/#\/schema\/person\/image\/","url":"https:\/\/secure.gravatar.com\/avatar\/4a2f9f47483c84967d982cc323aede7a?s=96&d=mm&r=g","contentUrl":"https:\/\/secure.gravatar.com\/avatar\/4a2f9f47483c84967d982cc323aede7a?s=96&d=mm&r=g","caption":"mkting04"}}]}},"_links":{"self":[{"href":"https:\/\/vilarrasa.com\/fr\/wp-json\/wp\/v2\/posts\/4049"}],"collection":[{"href":"https:\/\/vilarrasa.com\/fr\/wp-json\/wp\/v2\/posts"}],"about":[{"href":"https:\/\/vilarrasa.com\/fr\/wp-json\/wp\/v2\/types\/post"}],"author":[{"embeddable":true,"href":"https:\/\/vilarrasa.com\/fr\/wp-json\/wp\/v2\/users\/8"}],"replies":[{"embeddable":true,"href":"https:\/\/vilarrasa.com\/fr\/wp-json\/wp\/v2\/comments?post=4049"}],"version-history":[{"count":5,"href":"https:\/\/vilarrasa.com\/fr\/wp-json\/wp\/v2\/posts\/4049\/revisions"}],"predecessor-version":[{"id":6403,"href":"https:\/\/vilarrasa.com\/fr\/wp-json\/wp\/v2\/posts\/4049\/revisions\/6403"}],"wp:featuredmedia":[{"embeddable":true,"href":"https:\/\/vilarrasa.com\/fr\/wp-json\/wp\/v2\/media\/4041"}],"wp:attachment":[{"href":"https:\/\/vilarrasa.com\/fr\/wp-json\/wp\/v2\/media?parent=4049"}],"wp:term":[{"taxonomy":"category","embeddable":true,"href":"https:\/\/vilarrasa.com\/fr\/wp-json\/wp\/v2\/categories?post=4049"},{"taxonomy":"post_tag","embeddable":true,"href":"https:\/\/vilarrasa.com\/fr\/wp-json\/wp\/v2\/tags?post=4049"}],"curies":[{"name":"wp","href":"https:\/\/api.w.org\/{rel}","templated":true}]}}