{"id":4144,"date":"2023-01-26T15:13:08","date_gmt":"2023-01-26T14:13:08","guid":{"rendered":"https:\/\/vilarrasa.com\/dernieres-avancees-dans-la-fabrication-de-fils-recycles-a-vilarrasa\/"},"modified":"2023-01-31T16:02:33","modified_gmt":"2023-01-31T15:02:33","slug":"dernieres-avancees-dans-la-fabrication-de-fils-recycles-a-vilarrasa","status":"publish","type":"post","link":"https:\/\/vilarrasa.com\/fr\/dernieres-avancees-dans-la-fabrication-de-fils-recycles-a-vilarrasa\/","title":{"rendered":"Derni\u00e8res avanc\u00e9es dans la fabrication de fils recycl\u00e9s \u00e0 Vilarrasa"},"content":{"rendered":"\n<p class=\"has-nv-dark-bg-color has-text-color\">L&rsquo;industrie textile est l&rsquo;une des industries les plus polluantes de la plan\u00e8te et, ces derni\u00e8res ann\u00e9es, les entreprises textiles se sont tourn\u00e9es vers le d\u00e9veloppement de fils recycl\u00e9s durables pour r\u00e9pondre \u00e0 ce besoin.<\/p>\n\n<p class=\"has-nv-dark-bg-color has-text-color\">L&rsquo;innovation a jou\u00e9 un r\u00f4le fondamental dans la croissance de Vilarrasa au fil des ans, qu&rsquo;il s&rsquo;agisse des machines et des processus ou de la recherche d&rsquo;une efficacit\u00e9 maximale. Il s&rsquo;agit d&rsquo;un point diff\u00e9rentiel qui nous permet de nous tenir au courant des derni\u00e8res avanc\u00e9es en mati\u00e8re de fabrication de fil recycl\u00e9 et de proposer des solutions toujours plus adapt\u00e9es et efficaces \u00e0 nos clients.<\/p>\n\n<h2 class=\"has-neve-link-color-color has-text-color\">Progr\u00e8s dans la fabrication du fil recycl\u00e9 : modernisation des machines<\/h2>\n\n<p class=\"has-nv-dark-bg-color has-text-color\">Dans le cadre de notre processus de production, nous nous engageons \u00e0 innover afin de r\u00e9duire les \u00e9missions, ainsi que la consommation d&rsquo;\u00e9nergie et d&rsquo;eau. Nous nous concentrons \u00e9galement sur l&rsquo;innovation des machines dans le but d&rsquo;am\u00e9liorer la vitesse, l&rsquo;efficacit\u00e9, la flexibilit\u00e9 sup\u00e9rieure et la fonctionnalit\u00e9 des pics, avec l&rsquo;intention de nous positionner comme un leader dans la fabrication de fils recycl\u00e9s de haute qualit\u00e9.&#13;\n&#13;\nNos machines int\u00e8grent la technologie la plus avanc\u00e9e du march\u00e9, ce qui nous permet de fabriquer des fils recycl\u00e9s avec une grande vari\u00e9t\u00e9 de comptes et de compositions afin de couvrir diff\u00e9rents march\u00e9s : mode, textiles de maison, nettoyage, etc.<\/p>\n\n<h2 class=\"has-neve-link-color-color has-text-color\"><strong>Installation de panneaux solaires<\/strong><\/h2>\n\n<p class=\"has-nv-dark-bg-color has-text-color\">En plus d&rsquo;investir dans de nouvelles machines, Vilarrasa a install\u00e9 un syst\u00e8me photovolta\u00efque pour r\u00e9duire l&rsquo;impact environnemental et produire de l&rsquo;\u00e9nergie propre.<\/p>\n\n<p class=\"has-nv-dark-bg-color has-text-color\">Il est \u00e9vident que la durabilit\u00e9 est une pr\u00e9occupation croissante pour les marques, les fabricants et les consommateurs. C&rsquo;est pourquoi Vilarrasa continuera \u00e0 se concentrer sur les nouvelles avanc\u00e9es dans la fabrication du fil afin de promouvoir les \u00e9conomies d&rsquo;eau, la gestion des d\u00e9chets et la r\u00e9duction des \u00e9missions.<\/p>\n","protected":false},"excerpt":{"rendered":"<p>L&rsquo;industrie textile est l&rsquo;une des industries les plus polluantes de la plan\u00e8te et, ces derni\u00e8res ann\u00e9es, les entreprises textiles se sont tourn\u00e9es vers le d\u00e9veloppement de fils recycl\u00e9s durables pour r\u00e9pondre \u00e0 ce besoin. L&rsquo;innovation a jou\u00e9 un r\u00f4le fondamental dans la croissance de Vilarrasa au fil des ans, qu&rsquo;il s&rsquo;agisse des machines et des&hellip;&nbsp;<a href=\"https:\/\/vilarrasa.com\/fr\/dernieres-avancees-dans-la-fabrication-de-fils-recycles-a-vilarrasa\/\" class=\"\" rel=\"bookmark\">Lire la suite &raquo;<span class=\"screen-reader-text\">Derni\u00e8res avanc\u00e9es dans la fabrication de fils recycl\u00e9s \u00e0 Vilarrasa<\/span><\/a><\/p>\n","protected":false},"author":8,"featured_media":4134,"comment_status":"closed","ping_status":"open","sticky":false,"template":"","format":"standard","meta":{"content-type":"","neve_meta_sidebar":"","neve_meta_container":"","neve_meta_enable_content_width":"","neve_meta_content_width":0,"neve_meta_title_alignment":"","neve_meta_author_avatar":"","neve_post_elements_order":"","neve_meta_disable_header":"","neve_meta_disable_footer":"","neve_meta_disable_title":"","neve_meta_reading_time":""},"categories":[62],"tags":[],"yoast_head":"<!-- This site is optimized with the Yoast SEO plugin v18.8 - https:\/\/yoast.com\/wordpress\/plugins\/seo\/ -->\n<title>Derni\u00e8res avanc\u00e9es dans la fabrication de fils recycl\u00e9s \u00e0 Vilarrasa - Vilarrasa<\/title>\n<meta name=\"description\" content=\"innovation a jou\u00e9 un r\u00f4le fondamental dans la croissance de Vilarrasa au fil des ans, qu&#039;il s&#039;agisse des machines et des proc\u00e9d\u00e9s...\" \/>\n<meta name=\"robots\" content=\"index, follow, max-snippet:-1, max-image-preview:large, max-video-preview:-1\" \/>\n<link rel=\"canonical\" href=\"https:\/\/vilarrasa.com\/fr\/dernieres-avancees-dans-la-fabrication-de-fils-recycles-a-vilarrasa\/\" \/>\n<meta property=\"og:locale\" content=\"fr_FR\" \/>\n<meta property=\"og:type\" content=\"article\" \/>\n<meta property=\"og:title\" content=\"Derni\u00e8res avanc\u00e9es dans la fabrication de fils recycl\u00e9s \u00e0 Vilarrasa - Vilarrasa\" \/>\n<meta property=\"og:description\" content=\"innovation a jou\u00e9 un r\u00f4le fondamental dans la croissance de Vilarrasa au fil des ans, qu&#039;il s&#039;agisse des machines et des proc\u00e9d\u00e9s...\" \/>\n<meta property=\"og:url\" content=\"https:\/\/vilarrasa.com\/fr\/dernieres-avancees-dans-la-fabrication-de-fils-recycles-a-vilarrasa\/\" \/>\n<meta property=\"og:site_name\" content=\"Vilarrasa\" \/>\n<meta property=\"article:published_time\" content=\"2023-01-26T14:13:08+00:00\" \/>\n<meta property=\"article:modified_time\" content=\"2023-01-31T15:02:33+00:00\" \/>\n<meta property=\"og:image\" content=\"https:\/\/vilarrasa.com\/wp-content\/uploads\/2023\/01\/Imatges-destacades-blog-3.png\" \/>\n\t<meta property=\"og:image:width\" content=\"930\" \/>\n\t<meta property=\"og:image:height\" content=\"600\" \/>\n\t<meta property=\"og:image:type\" content=\"image\/png\" \/>\n<meta name=\"twitter:card\" content=\"summary_large_image\" \/>\n<meta name=\"twitter:label1\" content=\"\u00c9crit par\" \/>\n\t<meta name=\"twitter:data1\" content=\"mkting04\" \/>\n\t<meta name=\"twitter:label2\" content=\"Dur\u00e9e de lecture estim\u00e9e\" \/>\n\t<meta name=\"twitter:data2\" content=\"2 minutes\" \/>\n<script type=\"application\/ld+json\" class=\"yoast-schema-graph\">{\"@context\":\"https:\/\/schema.org\",\"@graph\":[{\"@type\":\"Organization\",\"@id\":\"https:\/\/vilarrasa.com\/#organization\",\"name\":\"S.Vilarrasa\",\"url\":\"https:\/\/vilarrasa.com\/\",\"sameAs\":[],\"logo\":{\"@type\":\"ImageObject\",\"inLanguage\":\"fr-FR\",\"@id\":\"https:\/\/vilarrasa.com\/#\/schema\/logo\/image\/\",\"url\":\"https:\/\/vilarrasa.com\/wp-content\/uploads\/2020\/06\/logo_vilarr.png\",\"contentUrl\":\"https:\/\/vilarrasa.com\/wp-content\/uploads\/2020\/06\/logo_vilarr.png\",\"width\":885,\"height\":206,\"caption\":\"S.Vilarrasa\"},\"image\":{\"@id\":\"https:\/\/vilarrasa.com\/#\/schema\/logo\/image\/\"}},{\"@type\":\"WebSite\",\"@id\":\"https:\/\/vilarrasa.com\/#website\",\"url\":\"https:\/\/vilarrasa.com\/\",\"name\":\"Vilarrasa\",\"description\":\"Hilos reciclados de alta calidad\",\"publisher\":{\"@id\":\"https:\/\/vilarrasa.com\/#organization\"},\"potentialAction\":[{\"@type\":\"SearchAction\",\"target\":{\"@type\":\"EntryPoint\",\"urlTemplate\":\"https:\/\/vilarrasa.com\/?s={search_term_string}\"},\"query-input\":\"required name=search_term_string\"}],\"inLanguage\":\"fr-FR\"},{\"@type\":\"ImageObject\",\"inLanguage\":\"fr-FR\",\"@id\":\"https:\/\/vilarrasa.com\/fr\/dernieres-avancees-dans-la-fabrication-de-fils-recycles-a-vilarrasa\/#primaryimage\",\"url\":\"https:\/\/vilarrasa.com\/wp-content\/uploads\/2023\/01\/Imatges-destacades-blog-3.png\",\"contentUrl\":\"https:\/\/vilarrasa.com\/wp-content\/uploads\/2023\/01\/Imatges-destacades-blog-3.png\",\"width\":930,\"height\":600},{\"@type\":[\"WebPage\",\"ItemPage\"],\"@id\":\"https:\/\/vilarrasa.com\/fr\/dernieres-avancees-dans-la-fabrication-de-fils-recycles-a-vilarrasa\/#webpage\",\"url\":\"https:\/\/vilarrasa.com\/fr\/dernieres-avancees-dans-la-fabrication-de-fils-recycles-a-vilarrasa\/\",\"name\":\"Derni\u00e8res avanc\u00e9es dans la fabrication de fils recycl\u00e9s \u00e0 Vilarrasa - Vilarrasa\",\"isPartOf\":{\"@id\":\"https:\/\/vilarrasa.com\/#website\"},\"primaryImageOfPage\":{\"@id\":\"https:\/\/vilarrasa.com\/fr\/dernieres-avancees-dans-la-fabrication-de-fils-recycles-a-vilarrasa\/#primaryimage\"},\"datePublished\":\"2023-01-26T14:13:08+00:00\",\"dateModified\":\"2023-01-31T15:02:33+00:00\",\"description\":\"innovation a jou\u00e9 un r\u00f4le fondamental dans la croissance de Vilarrasa au fil des ans, qu'il s'agisse des machines et des proc\u00e9d\u00e9s...\",\"breadcrumb\":{\"@id\":\"https:\/\/vilarrasa.com\/fr\/dernieres-avancees-dans-la-fabrication-de-fils-recycles-a-vilarrasa\/#breadcrumb\"},\"inLanguage\":\"fr-FR\",\"potentialAction\":[{\"@type\":\"ReadAction\",\"target\":[\"https:\/\/vilarrasa.com\/fr\/dernieres-avancees-dans-la-fabrication-de-fils-recycles-a-vilarrasa\/\"]}]},{\"@type\":\"BreadcrumbList\",\"@id\":\"https:\/\/vilarrasa.com\/fr\/dernieres-avancees-dans-la-fabrication-de-fils-recycles-a-vilarrasa\/#breadcrumb\",\"itemListElement\":[{\"@type\":\"ListItem\",\"position\":1,\"name\":\"Home\",\"item\":\"https:\/\/vilarrasa.com\/es\/\"},{\"@type\":\"ListItem\",\"position\":2,\"name\":\"Derni\u00e8res avanc\u00e9es dans la fabrication de fils recycl\u00e9s \u00e0 Vilarrasa\"}]},{\"@type\":[\"Article\",\"BlogPosting\"],\"@id\":\"https:\/\/vilarrasa.com\/fr\/dernieres-avancees-dans-la-fabrication-de-fils-recycles-a-vilarrasa\/#article\",\"isPartOf\":{\"@id\":\"https:\/\/vilarrasa.com\/fr\/dernieres-avancees-dans-la-fabrication-de-fils-recycles-a-vilarrasa\/#webpage\"},\"author\":{\"@id\":\"https:\/\/vilarrasa.com\/#\/schema\/person\/dbb2c0e50b86501b7b1661c9eabbbade\"},\"headline\":\"Derni\u00e8res avanc\u00e9es dans la fabrication de fils recycl\u00e9s \u00e0 Vilarrasa\",\"datePublished\":\"2023-01-26T14:13:08+00:00\",\"dateModified\":\"2023-01-31T15:02:33+00:00\",\"mainEntityOfPage\":{\"@id\":\"https:\/\/vilarrasa.com\/fr\/dernieres-avancees-dans-la-fabrication-de-fils-recycles-a-vilarrasa\/#webpage\"},\"wordCount\":329,\"publisher\":{\"@id\":\"https:\/\/vilarrasa.com\/#organization\"},\"image\":{\"@id\":\"https:\/\/vilarrasa.com\/fr\/dernieres-avancees-dans-la-fabrication-de-fils-recycles-a-vilarrasa\/#primaryimage\"},\"thumbnailUrl\":\"https:\/\/vilarrasa.com\/wp-content\/uploads\/2023\/01\/Imatges-destacades-blog-3.png\",\"articleSection\":[\"Vilarrasa\"],\"inLanguage\":\"fr-FR\"},{\"@type\":\"Person\",\"@id\":\"https:\/\/vilarrasa.com\/#\/schema\/person\/dbb2c0e50b86501b7b1661c9eabbbade\",\"name\":\"mkting04\",\"image\":{\"@type\":\"ImageObject\",\"inLanguage\":\"fr-FR\",\"@id\":\"https:\/\/vilarrasa.com\/#\/schema\/person\/image\/\",\"url\":\"https:\/\/secure.gravatar.com\/avatar\/4a2f9f47483c84967d982cc323aede7a?s=96&d=mm&r=g\",\"contentUrl\":\"https:\/\/secure.gravatar.com\/avatar\/4a2f9f47483c84967d982cc323aede7a?s=96&d=mm&r=g\",\"caption\":\"mkting04\"}}]}<\/script>\n<!-- \/ Yoast SEO plugin. -->","yoast_head_json":{"title":"Derni\u00e8res avanc\u00e9es dans la fabrication de fils recycl\u00e9s \u00e0 Vilarrasa - Vilarrasa","description":"innovation a jou\u00e9 un r\u00f4le fondamental dans la croissance de Vilarrasa au fil des ans, qu'il s'agisse des machines et des proc\u00e9d\u00e9s...","robots":{"index":"index","follow":"follow","max-snippet":"max-snippet:-1","max-image-preview":"max-image-preview:large","max-video-preview":"max-video-preview:-1"},"canonical":"https:\/\/vilarrasa.com\/fr\/dernieres-avancees-dans-la-fabrication-de-fils-recycles-a-vilarrasa\/","og_locale":"fr_FR","og_type":"article","og_title":"Derni\u00e8res avanc\u00e9es dans la fabrication de fils recycl\u00e9s \u00e0 Vilarrasa - Vilarrasa","og_description":"innovation a jou\u00e9 un r\u00f4le fondamental dans la croissance de Vilarrasa au fil des ans, qu'il s'agisse des machines et des proc\u00e9d\u00e9s...","og_url":"https:\/\/vilarrasa.com\/fr\/dernieres-avancees-dans-la-fabrication-de-fils-recycles-a-vilarrasa\/","og_site_name":"Vilarrasa","article_published_time":"2023-01-26T14:13:08+00:00","article_modified_time":"2023-01-31T15:02:33+00:00","og_image":[{"width":930,"height":600,"url":"https:\/\/vilarrasa.com\/wp-content\/uploads\/2023\/01\/Imatges-destacades-blog-3.png","type":"image\/png"}],"twitter_card":"summary_large_image","twitter_misc":{"\u00c9crit par":"mkting04","Dur\u00e9e de lecture estim\u00e9e":"2 minutes"},"schema":{"@context":"https:\/\/schema.org","@graph":[{"@type":"Organization","@id":"https:\/\/vilarrasa.com\/#organization","name":"S.Vilarrasa","url":"https:\/\/vilarrasa.com\/","sameAs":[],"logo":{"@type":"ImageObject","inLanguage":"fr-FR","@id":"https:\/\/vilarrasa.com\/#\/schema\/logo\/image\/","url":"https:\/\/vilarrasa.com\/wp-content\/uploads\/2020\/06\/logo_vilarr.png","contentUrl":"https:\/\/vilarrasa.com\/wp-content\/uploads\/2020\/06\/logo_vilarr.png","width":885,"height":206,"caption":"S.Vilarrasa"},"image":{"@id":"https:\/\/vilarrasa.com\/#\/schema\/logo\/image\/"}},{"@type":"WebSite","@id":"https:\/\/vilarrasa.com\/#website","url":"https:\/\/vilarrasa.com\/","name":"Vilarrasa","description":"Hilos reciclados de alta calidad","publisher":{"@id":"https:\/\/vilarrasa.com\/#organization"},"potentialAction":[{"@type":"SearchAction","target":{"@type":"EntryPoint","urlTemplate":"https:\/\/vilarrasa.com\/?s={search_term_string}"},"query-input":"required name=search_term_string"}],"inLanguage":"fr-FR"},{"@type":"ImageObject","inLanguage":"fr-FR","@id":"https:\/\/vilarrasa.com\/fr\/dernieres-avancees-dans-la-fabrication-de-fils-recycles-a-vilarrasa\/#primaryimage","url":"https:\/\/vilarrasa.com\/wp-content\/uploads\/2023\/01\/Imatges-destacades-blog-3.png","contentUrl":"https:\/\/vilarrasa.com\/wp-content\/uploads\/2023\/01\/Imatges-destacades-blog-3.png","width":930,"height":600},{"@type":["WebPage","ItemPage"],"@id":"https:\/\/vilarrasa.com\/fr\/dernieres-avancees-dans-la-fabrication-de-fils-recycles-a-vilarrasa\/#webpage","url":"https:\/\/vilarrasa.com\/fr\/dernieres-avancees-dans-la-fabrication-de-fils-recycles-a-vilarrasa\/","name":"Derni\u00e8res avanc\u00e9es dans la fabrication de fils recycl\u00e9s \u00e0 Vilarrasa - Vilarrasa","isPartOf":{"@id":"https:\/\/vilarrasa.com\/#website"},"primaryImageOfPage":{"@id":"https:\/\/vilarrasa.com\/fr\/dernieres-avancees-dans-la-fabrication-de-fils-recycles-a-vilarrasa\/#primaryimage"},"datePublished":"2023-01-26T14:13:08+00:00","dateModified":"2023-01-31T15:02:33+00:00","description":"innovation a jou\u00e9 un r\u00f4le fondamental dans la croissance de Vilarrasa au fil des ans, qu'il s'agisse des machines et des proc\u00e9d\u00e9s...","breadcrumb":{"@id":"https:\/\/vilarrasa.com\/fr\/dernieres-avancees-dans-la-fabrication-de-fils-recycles-a-vilarrasa\/#breadcrumb"},"inLanguage":"fr-FR","potentialAction":[{"@type":"ReadAction","target":["https:\/\/vilarrasa.com\/fr\/dernieres-avancees-dans-la-fabrication-de-fils-recycles-a-vilarrasa\/"]}]},{"@type":"BreadcrumbList","@id":"https:\/\/vilarrasa.com\/fr\/dernieres-avancees-dans-la-fabrication-de-fils-recycles-a-vilarrasa\/#breadcrumb","itemListElement":[{"@type":"ListItem","position":1,"name":"Home","item":"https:\/\/vilarrasa.com\/es\/"},{"@type":"ListItem","position":2,"name":"Derni\u00e8res avanc\u00e9es dans la fabrication de fils recycl\u00e9s \u00e0 Vilarrasa"}]},{"@type":["Article","BlogPosting"],"@id":"https:\/\/vilarrasa.com\/fr\/dernieres-avancees-dans-la-fabrication-de-fils-recycles-a-vilarrasa\/#article","isPartOf":{"@id":"https:\/\/vilarrasa.com\/fr\/dernieres-avancees-dans-la-fabrication-de-fils-recycles-a-vilarrasa\/#webpage"},"author":{"@id":"https:\/\/vilarrasa.com\/#\/schema\/person\/dbb2c0e50b86501b7b1661c9eabbbade"},"headline":"Derni\u00e8res avanc\u00e9es dans la fabrication de fils recycl\u00e9s \u00e0 Vilarrasa","datePublished":"2023-01-26T14:13:08+00:00","dateModified":"2023-01-31T15:02:33+00:00","mainEntityOfPage":{"@id":"https:\/\/vilarrasa.com\/fr\/dernieres-avancees-dans-la-fabrication-de-fils-recycles-a-vilarrasa\/#webpage"},"wordCount":329,"publisher":{"@id":"https:\/\/vilarrasa.com\/#organization"},"image":{"@id":"https:\/\/vilarrasa.com\/fr\/dernieres-avancees-dans-la-fabrication-de-fils-recycles-a-vilarrasa\/#primaryimage"},"thumbnailUrl":"https:\/\/vilarrasa.com\/wp-content\/uploads\/2023\/01\/Imatges-destacades-blog-3.png","articleSection":["Vilarrasa"],"inLanguage":"fr-FR"},{"@type":"Person","@id":"https:\/\/vilarrasa.com\/#\/schema\/person\/dbb2c0e50b86501b7b1661c9eabbbade","name":"mkting04","image":{"@type":"ImageObject","inLanguage":"fr-FR","@id":"https:\/\/vilarrasa.com\/#\/schema\/person\/image\/","url":"https:\/\/secure.gravatar.com\/avatar\/4a2f9f47483c84967d982cc323aede7a?s=96&d=mm&r=g","contentUrl":"https:\/\/secure.gravatar.com\/avatar\/4a2f9f47483c84967d982cc323aede7a?s=96&d=mm&r=g","caption":"mkting04"}}]}},"_links":{"self":[{"href":"https:\/\/vilarrasa.com\/fr\/wp-json\/wp\/v2\/posts\/4144"}],"collection":[{"href":"https:\/\/vilarrasa.com\/fr\/wp-json\/wp\/v2\/posts"}],"about":[{"href":"https:\/\/vilarrasa.com\/fr\/wp-json\/wp\/v2\/types\/post"}],"author":[{"embeddable":true,"href":"https:\/\/vilarrasa.com\/fr\/wp-json\/wp\/v2\/users\/8"}],"replies":[{"embeddable":true,"href":"https:\/\/vilarrasa.com\/fr\/wp-json\/wp\/v2\/comments?post=4144"}],"version-history":[{"count":4,"href":"https:\/\/vilarrasa.com\/fr\/wp-json\/wp\/v2\/posts\/4144\/revisions"}],"predecessor-version":[{"id":4195,"href":"https:\/\/vilarrasa.com\/fr\/wp-json\/wp\/v2\/posts\/4144\/revisions\/4195"}],"wp:featuredmedia":[{"embeddable":true,"href":"https:\/\/vilarrasa.com\/fr\/wp-json\/wp\/v2\/media\/4134"}],"wp:attachment":[{"href":"https:\/\/vilarrasa.com\/fr\/wp-json\/wp\/v2\/media?parent=4144"}],"wp:term":[{"taxonomy":"category","embeddable":true,"href":"https:\/\/vilarrasa.com\/fr\/wp-json\/wp\/v2\/categories?post=4144"},{"taxonomy":"post_tag","embeddable":true,"href":"https:\/\/vilarrasa.com\/fr\/wp-json\/wp\/v2\/tags?post=4144"}],"curies":[{"name":"wp","href":"https:\/\/api.w.org\/{rel}","templated":true}]}}