{"id":6857,"date":"2023-10-09T16:58:43","date_gmt":"2023-10-09T14:58:43","guid":{"rendered":"https:\/\/vilarrasa.com\/?p=6857"},"modified":"2023-10-09T16:58:45","modified_gmt":"2023-10-09T14:58:45","slug":"la-collection-de-denim-respin-aide-les-marques-a-close-the-loop","status":"publish","type":"post","link":"https:\/\/vilarrasa.com\/fr\/la-collection-de-denim-respin-aide-les-marques-a-close-the-loop\/","title":{"rendered":"La collection de denim RESPIN aide les marques \u00e0 \u00ab\u00a0Close the Loop\u00a0\u00bb"},"content":{"rendered":"\n<p>Au cours des derni\u00e8res ann\u00e9es, RESPIN by Vilarrasa a d\u00e9velopp\u00e9 un projet innovant de recyclage industriel de jeans post-consommation afin de cr\u00e9er de nouveaux fils pour les collections de nos clients. <\/p>\n\n\n\n<p>Nous avons cherch\u00e9 \u00e0 utiliser le denim post-consommation comme mati\u00e8re premi\u00e8re pour cr\u00e9er de nouveaux tissus ayant une empreinte environnementale et excellents en termes de qualit\u00e9 et de durabilit\u00e9. Notre principal objectif \u00e9tait de cr\u00e9er des projets en boucle ferm\u00e9e.<\/p>\n\n\n\n<p>Le recyclage des d\u00e9chets textiles de denim apr\u00e8s consommation joue un r\u00f4le cl\u00e9 dans la construction d&rsquo;une industrie plus durable et plus respectueuse de l&rsquo;environnement. En utilisant ces d\u00e9chets et en les reconvertissant en fil recycl\u00e9, on r\u00e9duit le besoin de mat\u00e9riaux vierges et la quantit\u00e9 de d\u00e9chets mis en d\u00e9charge.<\/p>\n\n\n\n<p>Avantages d&rsquo;un syst\u00e8me de recyclage du denim en circuit ferm\u00e9 :<\/p>\n\n\n\n<ul><li>R\u00e9duit la demande de nouvelles mati\u00e8res premi\u00e8res et pr\u00e9serve les ressources.<\/li><li>R\u00e9duit au minimum les d\u00e9chets textiles et la mise en d\u00e9charge.<\/li><li>R\u00e9duit l&rsquo;impact environnemental associ\u00e9 \u00e0 la production de denim.<\/li><li>Promouvoir les pratiques de la mode durable et circulaire.<\/li><li>Encourage la participation des consommateurs aux efforts de recyclage.<\/li><li>Cr\u00e9er une industrie du denim plus durable et plus respectueuse de l&rsquo;environnement.<\/li><\/ul>\n\n\n\n<p>La mise en \u0153uvre d&rsquo;un syst\u00e8me en boucle ferm\u00e9e pour le recyclage du denim n\u00e9cessite une collaboration entre les diff\u00e9rentes parties prenantes, notamment les consommateurs, les fabricants, les d\u00e9taillants et les installations de recyclage. L&rsquo;\u00e9ducation et la sensibilisation jouent un r\u00f4le crucial pour encourager les individus \u00e0 participer au syst\u00e8me et \u00e0 renvoyer leurs vieux produits en denim pour qu&rsquo;ils soient recycl\u00e9s.<\/p>\n\n\n\n<p>L&rsquo;avenir du recyclage des textiles denim post-consommation<\/p>\n\n\n\n<p>La croissance du recyclage des textiles denim post-consommation est une tendance qui se poursuivra \u00e0 l&rsquo;avenir. Au fur et \u00e0 mesure que de nouvelles entreprises se joindront \u00e0 cette initiative, elle g\u00e9n\u00e9rera de plus en plus de nouvelles solutions innovantes et durables pour le secteur de la mode.<\/p>\n\n\n\n<p>Vilarrasa, avec d&rsquo;autres entreprises engag\u00e9es, m\u00e8ne cette r\u00e9volution du recyclage textile et ouvre la voie \u00e0 une industrie de la mode plus durable et plus responsable.<\/p>\n","protected":false},"excerpt":{"rendered":"<p>Au cours des derni\u00e8res ann\u00e9es, RESPIN by Vilarrasa a d\u00e9velopp\u00e9 un projet innovant de recyclage industriel de jeans post-consommation afin de cr\u00e9er de nouveaux fils pour les collections de nos clients. Nous avons cherch\u00e9 \u00e0 utiliser le denim post-consommation comme mati\u00e8re premi\u00e8re pour cr\u00e9er de nouveaux tissus ayant une empreinte environnementale et excellents en termes&hellip;&nbsp;<a href=\"https:\/\/vilarrasa.com\/fr\/la-collection-de-denim-respin-aide-les-marques-a-close-the-loop\/\" class=\"\" rel=\"bookmark\">Lire la suite &raquo;<span class=\"screen-reader-text\">La collection de denim RESPIN aide les marques \u00e0 \u00ab\u00a0Close the Loop\u00a0\u00bb<\/span><\/a><\/p>\n","protected":false},"author":13,"featured_media":6865,"comment_status":"closed","ping_status":"open","sticky":false,"template":"","format":"standard","meta":{"content-type":"","neve_meta_sidebar":"","neve_meta_container":"","neve_meta_enable_content_width":"","neve_meta_content_width":0,"neve_meta_title_alignment":"","neve_meta_author_avatar":"","neve_post_elements_order":"","neve_meta_disable_header":"","neve_meta_disable_footer":"","neve_meta_disable_title":"","neve_meta_reading_time":""},"categories":[36],"tags":[],"yoast_head":"<!-- This site is optimized with the Yoast SEO plugin v18.8 - https:\/\/yoast.com\/wordpress\/plugins\/seo\/ -->\n<title>La collection de denim RESPIN aide les marques \u00e0 &quot;Close the Loop&quot; - Vilarrasa<\/title>\n<meta name=\"robots\" content=\"index, follow, max-snippet:-1, max-image-preview:large, max-video-preview:-1\" \/>\n<link rel=\"canonical\" href=\"https:\/\/vilarrasa.com\/fr\/la-collection-de-denim-respin-aide-les-marques-a-close-the-loop\/\" \/>\n<meta property=\"og:locale\" content=\"fr_FR\" \/>\n<meta property=\"og:type\" content=\"article\" \/>\n<meta property=\"og:title\" content=\"La collection de denim RESPIN aide les marques \u00e0 &quot;Close the Loop&quot; - Vilarrasa\" \/>\n<meta property=\"og:description\" content=\"Au cours des derni\u00e8res ann\u00e9es, RESPIN by Vilarrasa a d\u00e9velopp\u00e9 un projet innovant de recyclage industriel de jeans post-consommation afin de cr\u00e9er de nouveaux fils pour les collections de nos clients. Nous avons cherch\u00e9 \u00e0 utiliser le denim post-consommation comme mati\u00e8re premi\u00e8re pour cr\u00e9er de nouveaux tissus ayant une empreinte environnementale et excellents en termes&hellip;&nbsp;Lire la suite &raquo;La collection de denim RESPIN aide les marques \u00e0 \u00ab\u00a0Close the Loop\u00a0\u00bb\" \/>\n<meta property=\"og:url\" content=\"https:\/\/vilarrasa.com\/fr\/la-collection-de-denim-respin-aide-les-marques-a-close-the-loop\/\" \/>\n<meta property=\"og:site_name\" content=\"Vilarrasa\" \/>\n<meta property=\"article:published_time\" content=\"2023-10-09T14:58:43+00:00\" \/>\n<meta property=\"article:modified_time\" content=\"2023-10-09T14:58:45+00:00\" \/>\n<meta property=\"og:image\" content=\"https:\/\/vilarrasa.com\/wp-content\/uploads\/2023\/09\/denim-fiber-1.png\" \/>\n\t<meta property=\"og:image:width\" content=\"1252\" \/>\n\t<meta property=\"og:image:height\" content=\"630\" \/>\n\t<meta property=\"og:image:type\" content=\"image\/png\" \/>\n<meta name=\"twitter:card\" content=\"summary_large_image\" \/>\n<meta name=\"twitter:label1\" content=\"\u00c9crit par\" \/>\n\t<meta name=\"twitter:data1\" content=\"Blanca Vila\" \/>\n\t<meta name=\"twitter:label2\" content=\"Dur\u00e9e de lecture estim\u00e9e\" \/>\n\t<meta name=\"twitter:data2\" content=\"2 minutes\" \/>\n<script type=\"application\/ld+json\" class=\"yoast-schema-graph\">{\"@context\":\"https:\/\/schema.org\",\"@graph\":[{\"@type\":\"Organization\",\"@id\":\"https:\/\/vilarrasa.com\/#organization\",\"name\":\"S.Vilarrasa\",\"url\":\"https:\/\/vilarrasa.com\/\",\"sameAs\":[],\"logo\":{\"@type\":\"ImageObject\",\"inLanguage\":\"fr-FR\",\"@id\":\"https:\/\/vilarrasa.com\/#\/schema\/logo\/image\/\",\"url\":\"https:\/\/vilarrasa.com\/wp-content\/uploads\/2020\/06\/logo_vilarr.png\",\"contentUrl\":\"https:\/\/vilarrasa.com\/wp-content\/uploads\/2020\/06\/logo_vilarr.png\",\"width\":885,\"height\":206,\"caption\":\"S.Vilarrasa\"},\"image\":{\"@id\":\"https:\/\/vilarrasa.com\/#\/schema\/logo\/image\/\"}},{\"@type\":\"WebSite\",\"@id\":\"https:\/\/vilarrasa.com\/#website\",\"url\":\"https:\/\/vilarrasa.com\/\",\"name\":\"Vilarrasa\",\"description\":\"Hilos reciclados de alta calidad\",\"publisher\":{\"@id\":\"https:\/\/vilarrasa.com\/#organization\"},\"potentialAction\":[{\"@type\":\"SearchAction\",\"target\":{\"@type\":\"EntryPoint\",\"urlTemplate\":\"https:\/\/vilarrasa.com\/?s={search_term_string}\"},\"query-input\":\"required name=search_term_string\"}],\"inLanguage\":\"fr-FR\"},{\"@type\":\"ImageObject\",\"inLanguage\":\"fr-FR\",\"@id\":\"https:\/\/vilarrasa.com\/fr\/la-collection-de-denim-respin-aide-les-marques-a-close-the-loop\/#primaryimage\",\"url\":\"https:\/\/vilarrasa.com\/wp-content\/uploads\/2023\/09\/denim-fiber-1.png\",\"contentUrl\":\"https:\/\/vilarrasa.com\/wp-content\/uploads\/2023\/09\/denim-fiber-1.png\",\"width\":1252,\"height\":630},{\"@type\":[\"WebPage\",\"ItemPage\"],\"@id\":\"https:\/\/vilarrasa.com\/fr\/la-collection-de-denim-respin-aide-les-marques-a-close-the-loop\/#webpage\",\"url\":\"https:\/\/vilarrasa.com\/fr\/la-collection-de-denim-respin-aide-les-marques-a-close-the-loop\/\",\"name\":\"La collection de denim RESPIN aide les marques \u00e0 \\\"Close the Loop\\\" - Vilarrasa\",\"isPartOf\":{\"@id\":\"https:\/\/vilarrasa.com\/#website\"},\"primaryImageOfPage\":{\"@id\":\"https:\/\/vilarrasa.com\/fr\/la-collection-de-denim-respin-aide-les-marques-a-close-the-loop\/#primaryimage\"},\"datePublished\":\"2023-10-09T14:58:43+00:00\",\"dateModified\":\"2023-10-09T14:58:45+00:00\",\"breadcrumb\":{\"@id\":\"https:\/\/vilarrasa.com\/fr\/la-collection-de-denim-respin-aide-les-marques-a-close-the-loop\/#breadcrumb\"},\"inLanguage\":\"fr-FR\",\"potentialAction\":[{\"@type\":\"ReadAction\",\"target\":[\"https:\/\/vilarrasa.com\/fr\/la-collection-de-denim-respin-aide-les-marques-a-close-the-loop\/\"]}]},{\"@type\":\"BreadcrumbList\",\"@id\":\"https:\/\/vilarrasa.com\/fr\/la-collection-de-denim-respin-aide-les-marques-a-close-the-loop\/#breadcrumb\",\"itemListElement\":[{\"@type\":\"ListItem\",\"position\":1,\"name\":\"Home\",\"item\":\"https:\/\/vilarrasa.com\/es\/\"},{\"@type\":\"ListItem\",\"position\":2,\"name\":\"La collection de denim RESPIN aide les marques \u00e0 \u00abClose the Loop\u00bb\"}]},{\"@type\":[\"Article\",\"BlogPosting\"],\"@id\":\"https:\/\/vilarrasa.com\/fr\/la-collection-de-denim-respin-aide-les-marques-a-close-the-loop\/#article\",\"isPartOf\":{\"@id\":\"https:\/\/vilarrasa.com\/fr\/la-collection-de-denim-respin-aide-les-marques-a-close-the-loop\/#webpage\"},\"author\":{\"@id\":\"https:\/\/vilarrasa.com\/#\/schema\/person\/667b677731dd25f9fe3c12806c1e7c68\"},\"headline\":\"La collection de denim RESPIN aide les marques \u00e0 \u00ab\u00a0Close the Loop\u00a0\u00bb\",\"datePublished\":\"2023-10-09T14:58:43+00:00\",\"dateModified\":\"2023-10-09T14:58:45+00:00\",\"mainEntityOfPage\":{\"@id\":\"https:\/\/vilarrasa.com\/fr\/la-collection-de-denim-respin-aide-les-marques-a-close-the-loop\/#webpage\"},\"wordCount\":380,\"publisher\":{\"@id\":\"https:\/\/vilarrasa.com\/#organization\"},\"image\":{\"@id\":\"https:\/\/vilarrasa.com\/fr\/la-collection-de-denim-respin-aide-les-marques-a-close-the-loop\/#primaryimage\"},\"thumbnailUrl\":\"https:\/\/vilarrasa.com\/wp-content\/uploads\/2023\/09\/denim-fiber-1.png\",\"articleSection\":[\"post-consommation\"],\"inLanguage\":\"fr-FR\"},{\"@type\":\"Person\",\"@id\":\"https:\/\/vilarrasa.com\/#\/schema\/person\/667b677731dd25f9fe3c12806c1e7c68\",\"name\":\"Blanca Vila\",\"image\":{\"@type\":\"ImageObject\",\"inLanguage\":\"fr-FR\",\"@id\":\"https:\/\/vilarrasa.com\/#\/schema\/person\/image\/\",\"url\":\"https:\/\/secure.gravatar.com\/avatar\/a9a1d15d3d1d1148a4278a3367e26b5d?s=96&d=mm&r=g\",\"contentUrl\":\"https:\/\/secure.gravatar.com\/avatar\/a9a1d15d3d1d1148a4278a3367e26b5d?s=96&d=mm&r=g\",\"caption\":\"Blanca Vila\"}}]}<\/script>\n<!-- \/ Yoast SEO plugin. -->","yoast_head_json":{"title":"La collection de denim RESPIN aide les marques \u00e0 \"Close the Loop\" - Vilarrasa","robots":{"index":"index","follow":"follow","max-snippet":"max-snippet:-1","max-image-preview":"max-image-preview:large","max-video-preview":"max-video-preview:-1"},"canonical":"https:\/\/vilarrasa.com\/fr\/la-collection-de-denim-respin-aide-les-marques-a-close-the-loop\/","og_locale":"fr_FR","og_type":"article","og_title":"La collection de denim RESPIN aide les marques \u00e0 \"Close the Loop\" - Vilarrasa","og_description":"Au cours des derni\u00e8res ann\u00e9es, RESPIN by Vilarrasa a d\u00e9velopp\u00e9 un projet innovant de recyclage industriel de jeans post-consommation afin de cr\u00e9er de nouveaux fils pour les collections de nos clients. Nous avons cherch\u00e9 \u00e0 utiliser le denim post-consommation comme mati\u00e8re premi\u00e8re pour cr\u00e9er de nouveaux tissus ayant une empreinte environnementale et excellents en termes&hellip;&nbsp;Lire la suite &raquo;La collection de denim RESPIN aide les marques \u00e0 \u00ab\u00a0Close the Loop\u00a0\u00bb","og_url":"https:\/\/vilarrasa.com\/fr\/la-collection-de-denim-respin-aide-les-marques-a-close-the-loop\/","og_site_name":"Vilarrasa","article_published_time":"2023-10-09T14:58:43+00:00","article_modified_time":"2023-10-09T14:58:45+00:00","og_image":[{"width":1252,"height":630,"url":"https:\/\/vilarrasa.com\/wp-content\/uploads\/2023\/09\/denim-fiber-1.png","type":"image\/png"}],"twitter_card":"summary_large_image","twitter_misc":{"\u00c9crit par":"Blanca Vila","Dur\u00e9e de lecture estim\u00e9e":"2 minutes"},"schema":{"@context":"https:\/\/schema.org","@graph":[{"@type":"Organization","@id":"https:\/\/vilarrasa.com\/#organization","name":"S.Vilarrasa","url":"https:\/\/vilarrasa.com\/","sameAs":[],"logo":{"@type":"ImageObject","inLanguage":"fr-FR","@id":"https:\/\/vilarrasa.com\/#\/schema\/logo\/image\/","url":"https:\/\/vilarrasa.com\/wp-content\/uploads\/2020\/06\/logo_vilarr.png","contentUrl":"https:\/\/vilarrasa.com\/wp-content\/uploads\/2020\/06\/logo_vilarr.png","width":885,"height":206,"caption":"S.Vilarrasa"},"image":{"@id":"https:\/\/vilarrasa.com\/#\/schema\/logo\/image\/"}},{"@type":"WebSite","@id":"https:\/\/vilarrasa.com\/#website","url":"https:\/\/vilarrasa.com\/","name":"Vilarrasa","description":"Hilos reciclados de alta calidad","publisher":{"@id":"https:\/\/vilarrasa.com\/#organization"},"potentialAction":[{"@type":"SearchAction","target":{"@type":"EntryPoint","urlTemplate":"https:\/\/vilarrasa.com\/?s={search_term_string}"},"query-input":"required name=search_term_string"}],"inLanguage":"fr-FR"},{"@type":"ImageObject","inLanguage":"fr-FR","@id":"https:\/\/vilarrasa.com\/fr\/la-collection-de-denim-respin-aide-les-marques-a-close-the-loop\/#primaryimage","url":"https:\/\/vilarrasa.com\/wp-content\/uploads\/2023\/09\/denim-fiber-1.png","contentUrl":"https:\/\/vilarrasa.com\/wp-content\/uploads\/2023\/09\/denim-fiber-1.png","width":1252,"height":630},{"@type":["WebPage","ItemPage"],"@id":"https:\/\/vilarrasa.com\/fr\/la-collection-de-denim-respin-aide-les-marques-a-close-the-loop\/#webpage","url":"https:\/\/vilarrasa.com\/fr\/la-collection-de-denim-respin-aide-les-marques-a-close-the-loop\/","name":"La collection de denim RESPIN aide les marques \u00e0 \"Close the Loop\" - Vilarrasa","isPartOf":{"@id":"https:\/\/vilarrasa.com\/#website"},"primaryImageOfPage":{"@id":"https:\/\/vilarrasa.com\/fr\/la-collection-de-denim-respin-aide-les-marques-a-close-the-loop\/#primaryimage"},"datePublished":"2023-10-09T14:58:43+00:00","dateModified":"2023-10-09T14:58:45+00:00","breadcrumb":{"@id":"https:\/\/vilarrasa.com\/fr\/la-collection-de-denim-respin-aide-les-marques-a-close-the-loop\/#breadcrumb"},"inLanguage":"fr-FR","potentialAction":[{"@type":"ReadAction","target":["https:\/\/vilarrasa.com\/fr\/la-collection-de-denim-respin-aide-les-marques-a-close-the-loop\/"]}]},{"@type":"BreadcrumbList","@id":"https:\/\/vilarrasa.com\/fr\/la-collection-de-denim-respin-aide-les-marques-a-close-the-loop\/#breadcrumb","itemListElement":[{"@type":"ListItem","position":1,"name":"Home","item":"https:\/\/vilarrasa.com\/es\/"},{"@type":"ListItem","position":2,"name":"La collection de denim RESPIN aide les marques \u00e0 \u00abClose the Loop\u00bb"}]},{"@type":["Article","BlogPosting"],"@id":"https:\/\/vilarrasa.com\/fr\/la-collection-de-denim-respin-aide-les-marques-a-close-the-loop\/#article","isPartOf":{"@id":"https:\/\/vilarrasa.com\/fr\/la-collection-de-denim-respin-aide-les-marques-a-close-the-loop\/#webpage"},"author":{"@id":"https:\/\/vilarrasa.com\/#\/schema\/person\/667b677731dd25f9fe3c12806c1e7c68"},"headline":"La collection de denim RESPIN aide les marques \u00e0 \u00ab\u00a0Close the Loop\u00a0\u00bb","datePublished":"2023-10-09T14:58:43+00:00","dateModified":"2023-10-09T14:58:45+00:00","mainEntityOfPage":{"@id":"https:\/\/vilarrasa.com\/fr\/la-collection-de-denim-respin-aide-les-marques-a-close-the-loop\/#webpage"},"wordCount":380,"publisher":{"@id":"https:\/\/vilarrasa.com\/#organization"},"image":{"@id":"https:\/\/vilarrasa.com\/fr\/la-collection-de-denim-respin-aide-les-marques-a-close-the-loop\/#primaryimage"},"thumbnailUrl":"https:\/\/vilarrasa.com\/wp-content\/uploads\/2023\/09\/denim-fiber-1.png","articleSection":["post-consommation"],"inLanguage":"fr-FR"},{"@type":"Person","@id":"https:\/\/vilarrasa.com\/#\/schema\/person\/667b677731dd25f9fe3c12806c1e7c68","name":"Blanca Vila","image":{"@type":"ImageObject","inLanguage":"fr-FR","@id":"https:\/\/vilarrasa.com\/#\/schema\/person\/image\/","url":"https:\/\/secure.gravatar.com\/avatar\/a9a1d15d3d1d1148a4278a3367e26b5d?s=96&d=mm&r=g","contentUrl":"https:\/\/secure.gravatar.com\/avatar\/a9a1d15d3d1d1148a4278a3367e26b5d?s=96&d=mm&r=g","caption":"Blanca Vila"}}]}},"_links":{"self":[{"href":"https:\/\/vilarrasa.com\/fr\/wp-json\/wp\/v2\/posts\/6857"}],"collection":[{"href":"https:\/\/vilarrasa.com\/fr\/wp-json\/wp\/v2\/posts"}],"about":[{"href":"https:\/\/vilarrasa.com\/fr\/wp-json\/wp\/v2\/types\/post"}],"author":[{"embeddable":true,"href":"https:\/\/vilarrasa.com\/fr\/wp-json\/wp\/v2\/users\/13"}],"replies":[{"embeddable":true,"href":"https:\/\/vilarrasa.com\/fr\/wp-json\/wp\/v2\/comments?post=6857"}],"version-history":[{"count":3,"href":"https:\/\/vilarrasa.com\/fr\/wp-json\/wp\/v2\/posts\/6857\/revisions"}],"predecessor-version":[{"id":6876,"href":"https:\/\/vilarrasa.com\/fr\/wp-json\/wp\/v2\/posts\/6857\/revisions\/6876"}],"wp:featuredmedia":[{"embeddable":true,"href":"https:\/\/vilarrasa.com\/fr\/wp-json\/wp\/v2\/media\/6865"}],"wp:attachment":[{"href":"https:\/\/vilarrasa.com\/fr\/wp-json\/wp\/v2\/media?parent=6857"}],"wp:term":[{"taxonomy":"category","embeddable":true,"href":"https:\/\/vilarrasa.com\/fr\/wp-json\/wp\/v2\/categories?post=6857"},{"taxonomy":"post_tag","embeddable":true,"href":"https:\/\/vilarrasa.com\/fr\/wp-json\/wp\/v2\/tags?post=6857"}],"curies":[{"name":"wp","href":"https:\/\/api.w.org\/{rel}","templated":true}]}}